{"id":37899,"date":"2024-09-16T15:06:17","date_gmt":"2024-09-16T15:06:17","guid":{"rendered":"https:\/\/tvbrazilusa.com\/2024\/09\/16\/quebra-pau-vereador-arremessa-objeto-em-opositor-apos-ser-chamado-de-canalha-assista\/"},"modified":"2024-09-16T15:06:18","modified_gmt":"2024-09-16T15:06:18","slug":"quebra-pau-vereador-arremessa-objeto-em-opositor-apos-ser-chamado-de-canalha-assista","status":"publish","type":"post","link":"https:\/\/tvbrazilusa.com\/pt\/2024\/09\/16\/quebra-pau-vereador-arremessa-objeto-em-opositor-apos-ser-chamado-de-canalha-assista\/","title":{"rendered":"QUEBRA PAU: Vereador arremessa objeto em opositor ap\u00f3s ser chamado de canalha; ASSISTA"},"content":{"rendered":"<p> <script async src=\"https:\/\/pagead2.googlesyndication.com\/pagead\/js\/adsbygoogle.js?client=ca-pub-8864793242727901\"\r\n     crossorigin=\"anonymous\"><\/script><br \/>\n<\/p>\n<div id=\"taboola-read-more\" style=\"display:block; width:100%\">\n<p>Uma sess\u00e3o ordin\u00e1ria na C\u00e2mara Municipal de S\u00e3o Jo\u00e3o do Arraial, no Piau\u00ed, terminou em confronto f\u00edsico entre dois vereadores na \u00faltima sexta-feira (13).<\/p>\n<p>Um v\u00eddeo do incidente circula nas redes sociais, chamando aten\u00e7\u00e3o para a troca de agress\u00f5es. O desentendimento envolveu o presidente da C\u00e2mara, vereador Jo\u00e3o Ferreira Pontes, conhecido como Jurandir Pontes (PT), e o vereador Francisco das Chagas Ara\u00fajo, popularmente chamado de Caj\u00e9 (MDB).<\/p>\n<p>O embate come\u00e7ou quando o vereador Caj\u00e9, opositor da gest\u00e3o atual, afirmou estar sendo alvo de insultos vindos do grupo pol\u00edtico do qual o presidente da Casa faz parte. Enquanto respondia \u00e0s cr\u00edticas, Jurandir Pontes chamou o colega de &#8220;canalha&#8221;, o que desencadeou a f\u00faria de Caj\u00e9.<\/p>\n<p>Indignado com a provoca\u00e7\u00e3o, Caj\u00e9 lan\u00e7ou um copo de vidro em dire\u00e7\u00e3o ao p\u00falpito, quase acertando o presidente. A situa\u00e7\u00e3o rapidamente evoluiu para uma troca de socos e ofensas.<\/p>\n<p>Durante a briga, Caj\u00e9 questionou: &#8220;qual moral voc\u00ea tem para chamar os outros de canalha, vagabundo?&#8221;. Jurandir, por sua vez, rebateu com mais insultos, chamando o vereador de &#8220;seu merda&#8221;.<\/p>\n<p>Outros vereadores presentes tentaram apartar os dois, enquanto a transmiss\u00e3o oficial da sess\u00e3o foi interrompida. Mun\u00edcipes que assistiam \u00e0 sess\u00e3o registraram o momento em que os dois ainda trocavam ofensas verbais antes de serem separados definitivamente. Veja o momento:<\/p>\n<p>&#8220;Eu estava na tribuna, falando, quando ele arremessou o copo e por pouco n\u00e3o acertou a minha testa, levantei a m\u00e3o a tempo de me proteger&#8221;, contou ao UOL o presidente da C\u00e2mara, Jurandir Pontes. &#8220;Ele avan\u00e7ou na minha dire\u00e7\u00e3o, partiu para cima de mim. Eu sa\u00ed da tribuna para me defender. E essa n\u00e3o foi a primeira vez. Ele j\u00e1 tentou me agredir outras vezes&#8221;.<\/p>\n<p>Jurandir explicou que, apesar de fazerem parte de grupos pol\u00edticos advers\u00e1rios, o papel dos vereadores n\u00e3o \u00e9 brigar e criar confus\u00e3o. &#8220;N\u00f3s estamos ali para ajudar a popula\u00e7\u00e3o, n\u00e3o para criar confus\u00e3o. Mas ele \u00e9 conhecido por maltratar as pessoas da cidade. Eu estava defendendo as lideran\u00e7as religiosas que ele criticou. Foi quando, durante a minha fala, ele arremessou o copo&#8221;.<\/p>\n<p>Segundo o presidente, Caj\u00e9 foi o primeiro a fazer uso da tribuna e todos respeitaram sua fala, o que n\u00e3o aconteceu quando Pontes tomou a palavra. &#8220;Depois os outros vereadores falaram normalmente. O presidente da Casa \u00e9 o \u00faltimo a falar, e quando foi a minha vez, critiquei o discurso dele. Disse que ele estava falando mal de pessoas de bem e o chamei de canalha. Foi a\u00ed que tudo come\u00e7ou, quando ele jogou o copo em mim&#8221;.<\/p>\n<p>Pontes afirmou que pretende tomar medidas legais. &#8220;Amanh\u00e3 vou registrar um Boletim de Ocorr\u00eancia contra o vereador Caj\u00e9. Se eu n\u00e3o tivesse me defendido, poderia ter acontecido algo pior. J\u00e1 consultei advogados e vou entrar com uma a\u00e7\u00e3o judicial para tentar remover Caj\u00e9 do cargo&#8221;.<\/p>\n<p>Com informa\u00e7\u00f5es de UOL<\/p>\n<\/p><\/div>\n<p><br \/>\n<br \/><a href=\"https:\/\/diariodobrasilnoticias.com.br\/noticia\/quebra-pau-vereador-arremessa-objeto-em-opositor-apos-ser-chamado-de-canalha-assista-66e81d62d0383\">Source link <\/a><\/p>","protected":false},"excerpt":{"rendered":"<p>Uma sess\u00e3o ordin\u00e1ria na C\u00e2mara Municipal de S\u00e3o Jo\u00e3o do Arraial, no Piau\u00ed, terminou em confronto f\u00edsico entre dois vereadores na \u00faltima sexta-feira (13). Um v\u00eddeo do incidente circula nas&hellip;<\/p>","protected":false},"author":1,"featured_media":37900,"comment_status":"closed","ping_status":"open","sticky":false,"template":"","format":"standard","meta":{"content-type":"","footnotes":""},"categories":[16],"tags":[123,2448,5313,1267],"class_list":["post-37899","post","type-post","status-publish","format-standard","has-post-thumbnail","hentry","category-noticias","tag-brasil","tag-diario","tag-noticia","tag-noticias"],"_links":{"self":[{"href":"https:\/\/tvbrazilusa.com\/pt\/wp-json\/wp\/v2\/posts\/37899","targetHints":{"allow":["GET"]}}],"collection":[{"href":"https:\/\/tvbrazilusa.com\/pt\/wp-json\/wp\/v2\/posts"}],"about":[{"href":"https:\/\/tvbrazilusa.com\/pt\/wp-json\/wp\/v2\/types\/post"}],"author":[{"embeddable":true,"href":"https:\/\/tvbrazilusa.com\/pt\/wp-json\/wp\/v2\/users\/1"}],"replies":[{"embeddable":true,"href":"https:\/\/tvbrazilusa.com\/pt\/wp-json\/wp\/v2\/comments?post=37899"}],"version-history":[{"count":1,"href":"https:\/\/tvbrazilusa.com\/pt\/wp-json\/wp\/v2\/posts\/37899\/revisions"}],"predecessor-version":[{"id":37901,"href":"https:\/\/tvbrazilusa.com\/pt\/wp-json\/wp\/v2\/posts\/37899\/revisions\/37901"}],"wp:featuredmedia":[{"embeddable":true,"href":"https:\/\/tvbrazilusa.com\/pt\/wp-json\/wp\/v2\/media\/37900"}],"wp:attachment":[{"href":"https:\/\/tvbrazilusa.com\/pt\/wp-json\/wp\/v2\/media?parent=37899"}],"wp:term":[{"taxonomy":"category","embeddable":true,"href":"https:\/\/tvbrazilusa.com\/pt\/wp-json\/wp\/v2\/categories?post=37899"},{"taxonomy":"post_tag","embeddable":true,"href":"https:\/\/tvbrazilusa.com\/pt\/wp-json\/wp\/v2\/tags?post=37899"}],"curies":[{"name":"wp","href":"https:\/\/api.w.org\/{rel}","templated":true}]}}