{"id":37922,"date":"2024-09-16T16:05:22","date_gmt":"2024-09-16T16:05:22","guid":{"rendered":"https:\/\/tvbrazilusa.com\/2024\/09\/16\/marcal-sofre-fratura-no-torax-confirma-equipe-medica-paulo-figueiredo\/"},"modified":"2024-09-16T16:13:00","modified_gmt":"2024-09-16T16:13:00","slug":"marcal-sofre-fratura-no-torax-confirma-equipe-medica-paulo-figueiredo","status":"publish","type":"post","link":"https:\/\/tvbrazilusa.com\/pt\/2024\/09\/16\/marcal-sofre-fratura-no-torax-confirma-equipe-medica-paulo-figueiredo\/","title":{"rendered":"Mar\u00e7al sofre fratura no t\u00f3rax, confirma equipe m\u00e9dica &#8211; Paulo Figueiredo"},"content":{"rendered":"<p> <script async src=\"https:\/\/pagead2.googlesyndication.com\/pagead\/js\/adsbygoogle.js?client=ca-pub-8864793242727901\"\r\n     crossorigin=\"anonymous\"><\/script><br \/>\n<\/p>\n<div id=\"wtr-content\" data-bg=\"#FFFFFF\" data-fg=\"#006d91\" data-width=\"25\" data-mute=\"1\" data-fgopacity=\"1.00\" data-mutedopacity=\"0.5\" data-placement=\"bottom\" data-placement-offset=\"0\" data-content-offset=\"262\" data-placement-touch=\"bottom\" data-placement-offset-touch=\"0\" data-transparent=\"\" data-shadow=\"0\" data-touch=\"1\" data-non-touch=\"1\" data-comments=\"0\" data-commentsbg=\"transparent\" data-location=\"page\" data-mutedfg=\"#006d91\" data-endfg=\"#006d91\" data-rtl=\"\">\n<h3 class=\"wp-block-heading\">Candidato do PRTB \u00e0 Prefeitura de S\u00e3o Paulo, Pablo Mar\u00e7al foi hospitalizado depois de ser agredido, com uma cadeira arremessada por Jos\u00e9 Luiz Datena (PSDB)<\/h3>\n<p>A equipe do\u00a0<strong>Hospital S\u00edrio-Liban\u00eas<\/strong>\u00a0divulgou nesta segunda-feira, 16, um boletim m\u00e9dico em que confirma fratura no t\u00f3rax do candidato \u00e0 Prefeitura de S\u00e3o Paulo Pablo Mar\u00e7al (PRTB).<\/p>\n<p>O influenciador foi encaminhado ao hospital de ambul\u00e2ncia depois de ter levado uma \u201ccadeirada\u201d do opositor Jos\u00e9 Luiz Datena (PSDB) durante um debate da TV Cultura na noite deste domingo, 15.<\/p>\n<p>\u201cO paciente Pablo Henrique Mar\u00e7al foi admitido no Hospital S\u00edrio-Liban\u00eas em S\u00e3o Paulo ontem, 15\/9, depois de traumatismo na regi\u00e3o do t\u00f3rax \u00e0 direita e em punho direito, sem maiores complica\u00e7\u00f5es associadas\u201d, diz o documento, assinado pelo diretor de Governan\u00e7a da unidade, Luiz Francisco Cardoso, e pela vice-diretora cl\u00ednica, Marina Sahade.<\/p>\n<p>\u201cFoi avaliado pelas equipes de cl\u00ednica m\u00e9dica e de ortopedia e est\u00e1 de alta hospitalar\u201d, acrescenta o boletim.<\/p>\n<figure class=\"wp-block-image size-large\"><\/figure>\n<p>Em nota enviada \u00e0 imprensa, Mar\u00e7al diz que vai atender jornalistas na sa\u00edda do hospital e que seguir\u00e1 para o Instituto M\u00e9dico-Legal (IML), onde deve realizar exame de corpo de delito para atestar a agress\u00e3o sofrida por Datena.<\/p>\n<h3 class=\"wp-block-heading\">Mar\u00e7al diz que fraturou costela<\/h3>\n<p>O candidato do PRTB afirma ter fraturado uma das costelas depois de ter sido agredido por Datena. A informa\u00e7\u00e3o foi divulgada pela assessoria de imprensa do candidato depois de exames terem detectado a les\u00e3o.<\/p>\n<p>Depois da agress\u00e3o, Mar\u00e7al foi encaminhado ao hospital S\u00edrio-Liban\u00eas, em S\u00e3o Paulo, onde chegou por volta da meia-noite desta segunda-feira. O candidato precisou ser transportado em uma ambul\u00e2ncia depois de ter sentido dificuldades para respirar.<\/p>\n<p>O influenciador e ex-<em>coach<\/em>\u00a0foi submetido a tomografia e resson\u00e2ncia magn\u00e9tica, que identificaram as les\u00f5es. Ele passou a madrugada no hospital.<\/p>\n<p><strong><a href=\"https:\/\/revistaoeste.com\/politica\/marcal-sofre-fratura-no-torax-confirma-equipe-medica\/\">Source link<\/a><\/strong><\/p>\n<\/div>\n<p><br \/>\n<br \/><a href=\"https:\/\/paulofigueiredoshow.com\/marcal-sofre-fratura-no-torax-confirma-equipe-medica\/\">Source link <\/a><\/p>","protected":false},"excerpt":{"rendered":"<p>Candidato do PRTB \u00e0 Prefeitura de S\u00e3o Paulo, Pablo Mar\u00e7al foi hospitalizado depois de ser agredido, com uma cadeira arremessada por Jos\u00e9 Luiz Datena (PSDB) A equipe do\u00a0Hospital S\u00edrio-Liban\u00eas\u00a0divulgou nesta&hellip;<\/p>","protected":false},"author":1,"featured_media":37923,"comment_status":"closed","ping_status":"open","sticky":false,"template":"","format":"standard","meta":{"content-type":"","footnotes":""},"categories":[16],"tags":[1585,20445,4666,3538,20446,20417,315,7190],"class_list":["post-37922","post","type-post","status-publish","format-standard","has-post-thumbnail","hentry","category-noticias","tag-boletim","tag-costela","tag-datena","tag-debate","tag-fratura","tag-lesao-corporal","tag-marcal","tag-medico"],"_links":{"self":[{"href":"https:\/\/tvbrazilusa.com\/pt\/wp-json\/wp\/v2\/posts\/37922","targetHints":{"allow":["GET"]}}],"collection":[{"href":"https:\/\/tvbrazilusa.com\/pt\/wp-json\/wp\/v2\/posts"}],"about":[{"href":"https:\/\/tvbrazilusa.com\/pt\/wp-json\/wp\/v2\/types\/post"}],"author":[{"embeddable":true,"href":"https:\/\/tvbrazilusa.com\/pt\/wp-json\/wp\/v2\/users\/1"}],"replies":[{"embeddable":true,"href":"https:\/\/tvbrazilusa.com\/pt\/wp-json\/wp\/v2\/comments?post=37922"}],"version-history":[{"count":1,"href":"https:\/\/tvbrazilusa.com\/pt\/wp-json\/wp\/v2\/posts\/37922\/revisions"}],"predecessor-version":[{"id":37924,"href":"https:\/\/tvbrazilusa.com\/pt\/wp-json\/wp\/v2\/posts\/37922\/revisions\/37924"}],"wp:featuredmedia":[{"embeddable":true,"href":"https:\/\/tvbrazilusa.com\/pt\/wp-json\/wp\/v2\/media\/37923"}],"wp:attachment":[{"href":"https:\/\/tvbrazilusa.com\/pt\/wp-json\/wp\/v2\/media?parent=37922"}],"wp:term":[{"taxonomy":"category","embeddable":true,"href":"https:\/\/tvbrazilusa.com\/pt\/wp-json\/wp\/v2\/categories?post=37922"},{"taxonomy":"post_tag","embeddable":true,"href":"https:\/\/tvbrazilusa.com\/pt\/wp-json\/wp\/v2\/tags?post=37922"}],"curies":[{"name":"wp","href":"https:\/\/api.w.org\/{rel}","templated":true}]}}