{"id":37974,"date":"2024-09-16T18:38:25","date_gmt":"2024-09-16T18:38:25","guid":{"rendered":"https:\/\/tvbrazilusa.com\/2024\/09\/16\/marcal-se-pronuncia-apos-receber-alta-e-diz-que-a-culpa-e-sempre-da-vitima-assista\/"},"modified":"2024-09-16T18:38:25","modified_gmt":"2024-09-16T18:38:25","slug":"marcal-se-pronuncia-apos-receber-alta-e-diz-que-a-culpa-e-sempre-da-vitima-assista","status":"publish","type":"post","link":"https:\/\/tvbrazilusa.com\/pt\/2024\/09\/16\/marcal-se-pronuncia-apos-receber-alta-e-diz-que-a-culpa-e-sempre-da-vitima-assista\/","title":{"rendered":"Mar\u00e7al se pronuncia ap\u00f3s receber alta e diz que a culpa \u00e9 sempre da v\u00edtima; ASSISTA"},"content":{"rendered":"<p> <script async src=\"https:\/\/pagead2.googlesyndication.com\/pagead\/js\/adsbygoogle.js?client=ca-pub-8864793242727901\"\r\n     crossorigin=\"anonymous\"><\/script><br \/>\n<\/p>\n<div id=\"taboola-read-more\" style=\"display:block; width:100%\">\n<p>O candidato \u00e0 prefeitura de S\u00e3o Paulo, Pablo Mar\u00e7al (PRTB), recebeu alta do Hospital S\u00edrio-Liban\u00eas na manh\u00e3 desta segunda-feira (16\/9), ap\u00f3s ser agr3dido com uma cadeira pelo rival pol\u00edtico Jos\u00e9 Luiz Datena (PSDB). O incidente ocorreu durante um evento de campanha, gerando grande repercuss\u00e3o.<\/p>\n<p>Em entrevista ap\u00f3s deixar o hospital, Mar\u00e7al respondeu \u00e0s cr\u00edticas de quem afirmou que ele \u201cmereceu\u201d a agr3ss\u00e3o. \u201cO povo tem os governantes que merece\u201d, disse o coach, em tom provocativo. Ele ainda declarou que \u201ca culpa \u00e9 sempre de quem \u00e9 agr3dido\u201d, refor\u00e7ando sua indigna\u00e7\u00e3o com o ocorrido.<\/p>\n<p>Fonte: Metr\u00f3poles<\/p>\n<\/p><\/div>\n<p><br \/>\n<br \/><a href=\"https:\/\/diariodobrasilnoticias.com.br\/noticia\/marcal-se-pronuncia-apos-receber-alta-e-diz-que-a-culpa-e-sempre-da-vitima-assista-66e85afd7039f\">Source link <\/a><\/p>","protected":false},"excerpt":{"rendered":"<p>O candidato \u00e0 prefeitura de S\u00e3o Paulo, Pablo Mar\u00e7al (PRTB), recebeu alta do Hospital S\u00edrio-Liban\u00eas na manh\u00e3 desta segunda-feira (16\/9), ap\u00f3s ser agr3dido com uma cadeira pelo rival pol\u00edtico Jos\u00e9&hellip;<\/p>","protected":false},"author":1,"featured_media":37975,"comment_status":"closed","ping_status":"open","sticky":false,"template":"","format":"standard","meta":{"content-type":"","footnotes":""},"categories":[16],"tags":[123,2448,5313,1267],"class_list":["post-37974","post","type-post","status-publish","format-standard","has-post-thumbnail","hentry","category-noticias","tag-brasil","tag-diario","tag-noticia","tag-noticias"],"_links":{"self":[{"href":"https:\/\/tvbrazilusa.com\/pt\/wp-json\/wp\/v2\/posts\/37974","targetHints":{"allow":["GET"]}}],"collection":[{"href":"https:\/\/tvbrazilusa.com\/pt\/wp-json\/wp\/v2\/posts"}],"about":[{"href":"https:\/\/tvbrazilusa.com\/pt\/wp-json\/wp\/v2\/types\/post"}],"author":[{"embeddable":true,"href":"https:\/\/tvbrazilusa.com\/pt\/wp-json\/wp\/v2\/users\/1"}],"replies":[{"embeddable":true,"href":"https:\/\/tvbrazilusa.com\/pt\/wp-json\/wp\/v2\/comments?post=37974"}],"version-history":[{"count":1,"href":"https:\/\/tvbrazilusa.com\/pt\/wp-json\/wp\/v2\/posts\/37974\/revisions"}],"predecessor-version":[{"id":37976,"href":"https:\/\/tvbrazilusa.com\/pt\/wp-json\/wp\/v2\/posts\/37974\/revisions\/37976"}],"wp:featuredmedia":[{"embeddable":true,"href":"https:\/\/tvbrazilusa.com\/pt\/wp-json\/wp\/v2\/media\/37975"}],"wp:attachment":[{"href":"https:\/\/tvbrazilusa.com\/pt\/wp-json\/wp\/v2\/media?parent=37974"}],"wp:term":[{"taxonomy":"category","embeddable":true,"href":"https:\/\/tvbrazilusa.com\/pt\/wp-json\/wp\/v2\/categories?post=37974"},{"taxonomy":"post_tag","embeddable":true,"href":"https:\/\/tvbrazilusa.com\/pt\/wp-json\/wp\/v2\/tags?post=37974"}],"curies":[{"name":"wp","href":"https:\/\/api.w.org\/{rel}","templated":true}]}}