{"id":37980,"date":"2024-09-16T18:53:23","date_gmt":"2024-09-16T18:53:23","guid":{"rendered":"https:\/\/tvbrazilusa.com\/2024\/09\/16\/acoes-da-apple-caem-com-baixa-na-pre-venda-do-iphone-16\/"},"modified":"2024-09-16T18:53:24","modified_gmt":"2024-09-16T18:53:24","slug":"acoes-da-apple-caem-com-baixa-na-pre-venda-do-iphone-16","status":"publish","type":"post","link":"https:\/\/tvbrazilusa.com\/pt\/2024\/09\/16\/acoes-da-apple-caem-com-baixa-na-pre-venda-do-iphone-16\/","title":{"rendered":"A\u00e7\u00f5es da Apple caem com baixa na pr\u00e9-venda do iPhone 16"},"content":{"rendered":"<p> <script async src=\"https:\/\/pagead2.googlesyndication.com\/pagead\/js\/adsbygoogle.js?client=ca-pub-8864793242727901\"\r\n     crossorigin=\"anonymous\"><\/script><br \/>\n<\/p>\n<div id=\"taboola-read-more\" style=\"display:block; width:100%\">\n<p>As a\u00e7\u00f5es da Apple caem nesta segunda-feira ap\u00f3s um analista amplamente seguido alertar que a demanda pelo novo modelo iPhone 16 Pro da empresa foi menor do que o esperado. \u00c0s 12h30, o papel do \u00edndice Nasdaq operava em baixa de 2,83%, cotado a US$ 216,20.<\/p>\n<p>As pr\u00e9-vendas, que come\u00e7aram na sexta-feira nos Estados Unidos \u2014 no Brasil, a pr\u00e9-venda come\u00e7a no dia 24 \u2014, somaram cerca de 37 milh\u00f5es de unidades, escreveu o analista da TF International Securities, Ming-Chi Kuo, em um relat\u00f3rio. Isso representa uma queda de quase 13% em rela\u00e7\u00e3o ao lan\u00e7amento do iPhone 15 no ano passado e resulta do interesse mais fraco do que o esperado pelo modelo Pro do iPhone 16, diz Kuo.<\/p>\n<p>Fonte: O Globo<\/p>\n<\/p><\/div>\n<p><br \/>\n<br \/><a href=\"https:\/\/diariodobrasilnoticias.com.br\/noticia\/acoes-da-apple-caem-com-baixa-na-pre-venda-do-iphone-16-66e85d38a81b4\">Source link <\/a><\/p>","protected":false},"excerpt":{"rendered":"<p>As a\u00e7\u00f5es da Apple caem nesta segunda-feira ap\u00f3s um analista amplamente seguido alertar que a demanda pelo novo modelo iPhone 16 Pro da empresa foi menor do que o esperado.&hellip;<\/p>","protected":false},"author":1,"featured_media":37981,"comment_status":"closed","ping_status":"open","sticky":false,"template":"","format":"standard","meta":{"content-type":"","footnotes":""},"categories":[16],"tags":[123,2448,5313,1267],"class_list":["post-37980","post","type-post","status-publish","format-standard","has-post-thumbnail","hentry","category-noticias","tag-brasil","tag-diario","tag-noticia","tag-noticias"],"_links":{"self":[{"href":"https:\/\/tvbrazilusa.com\/pt\/wp-json\/wp\/v2\/posts\/37980","targetHints":{"allow":["GET"]}}],"collection":[{"href":"https:\/\/tvbrazilusa.com\/pt\/wp-json\/wp\/v2\/posts"}],"about":[{"href":"https:\/\/tvbrazilusa.com\/pt\/wp-json\/wp\/v2\/types\/post"}],"author":[{"embeddable":true,"href":"https:\/\/tvbrazilusa.com\/pt\/wp-json\/wp\/v2\/users\/1"}],"replies":[{"embeddable":true,"href":"https:\/\/tvbrazilusa.com\/pt\/wp-json\/wp\/v2\/comments?post=37980"}],"version-history":[{"count":1,"href":"https:\/\/tvbrazilusa.com\/pt\/wp-json\/wp\/v2\/posts\/37980\/revisions"}],"predecessor-version":[{"id":37982,"href":"https:\/\/tvbrazilusa.com\/pt\/wp-json\/wp\/v2\/posts\/37980\/revisions\/37982"}],"wp:featuredmedia":[{"embeddable":true,"href":"https:\/\/tvbrazilusa.com\/pt\/wp-json\/wp\/v2\/media\/37981"}],"wp:attachment":[{"href":"https:\/\/tvbrazilusa.com\/pt\/wp-json\/wp\/v2\/media?parent=37980"}],"wp:term":[{"taxonomy":"category","embeddable":true,"href":"https:\/\/tvbrazilusa.com\/pt\/wp-json\/wp\/v2\/categories?post=37980"},{"taxonomy":"post_tag","embeddable":true,"href":"https:\/\/tvbrazilusa.com\/pt\/wp-json\/wp\/v2\/tags?post=37980"}],"curies":[{"name":"wp","href":"https:\/\/api.w.org\/{rel}","templated":true}]}}