{"id":38022,"date":"2024-09-16T20:18:16","date_gmt":"2024-09-16T20:18:16","guid":{"rendered":"https:\/\/tvbrazilusa.com\/2024\/09\/16\/errei-mas-de-forma-alguma-me-arrependo-afirma-datena-sobre-cadeirada-em-marcal\/"},"modified":"2024-09-16T20:18:17","modified_gmt":"2024-09-16T20:18:17","slug":"errei-mas-de-forma-alguma-me-arrependo-afirma-datena-sobre-cadeirada-em-marcal","status":"publish","type":"post","link":"https:\/\/tvbrazilusa.com\/pt\/2024\/09\/16\/errei-mas-de-forma-alguma-me-arrependo-afirma-datena-sobre-cadeirada-em-marcal\/","title":{"rendered":"\u201cErrei, mas de forma alguma me arrependo\u201d, afirma Datena sobre cadeirada em Mar\u00e7al"},"content":{"rendered":"<p> <script async src=\"https:\/\/pagead2.googlesyndication.com\/pagead\/js\/adsbygoogle.js?client=ca-pub-8864793242727901\"\r\n     crossorigin=\"anonymous\"><\/script><br \/>\n<\/p>\n<div id=\"taboola-read-more\" style=\"display:block; width:100%\">\n<p>Em nota oficial divulgada na manh\u00e3 desta segunda-feira, 16, o apresentador Jos\u00e9 Luiz Datena (foto), candidato do PSDB \u00e0 Prefeitura de S\u00e3o Paulo, admitiu que errou ao dar uma cadeirada no ex-coach Pablo Mar\u00e7al (PRTB) durante o debate da TV Cultura.<\/p>\n<p>Apesar disso, ele nega qualquer arrependimento e declarou que, se provocado, adotaria a mesma postura.<\/p>\n<p><em>\u201cN\u00e3o defendo o uso da viol\u00eancia para resolver um conflito. Essa \u00e9 a regra e sempre a respeitei nos meus 67 anos de vida. At\u00e9 o dia de ontem. Porque torna-se dif\u00edcil obedec\u00ea-la quando os limites de civilidade s\u00e3o rompidos e corrompidos por um oponente. Infelizmente, foi o que aconteceu na noite deste domingo durante debate promovido pela TV Cultura\u201d<\/em>, disse Datena.<\/p>\n<p><em>\u201cAs acusa\u00e7\u00f5es que Mar\u00e7al me fez diante de milh\u00f5es de pessoas s\u00e3o graves. E absolutamente falsas. Usando linguagem de marginais, algo que lhe \u00e9 t\u00e3o peculiar, feriu minha honra e maculou minha fam\u00edlia, j\u00e1 machucada pela perda de um ente querido em decorr\u00eancia do mesmo epis\u00f3dio agora novamente imputado a mim de forma vil pelo meu advers\u00e1rio\u201d<\/em>, acrescentou.<\/p>\n<p><em>\u201cErrei, mas de forma alguma me arrependo. Preferia, sinceramente, que o epis\u00f3dio n\u00e3o tivesse ocorrido. Mas, fossem as mesmas as circunst\u00e2ncias, n\u00e3o deixaria de repetir o gesto, resposta extrema a um hist\u00f3rico de agress\u00f5es perpetradas a mim e a muitos outros por meu advers\u00e1rio\u201d<\/em>, complementou.<\/p>\n<h2 id=\"h-leia-a-integra-da-nota-oficial-de-datena-sobre-a-cadeirada\" class=\"wp-block-heading\"><strong>Leia a \u00edntegra da nota oficial de Datena sobre a cadeirada:<\/strong><\/h2>\n<p>\u201c<em>N\u00e3o defendo o uso da viol\u00eancia para resolver um conflito. Essa \u00e9 a regra e sempre a respeitei nos meus 67 anos de vida. At\u00e9 o dia de ontem.<\/em><\/p>\n<p><em>Porque torna-se dif\u00edcil obedec\u00ea-la quando os limites de civilidade s\u00e3o rompidos e corrompidos por um oponente. Infelizmente, foi o que aconteceu na noite deste domingo durante debate promovido pela TV Cultura.<\/em><\/p>\n<p><em>Pablo Mar\u00e7al demonstrou, em todas as situa\u00e7\u00f5es a que teve oportunidade, sua falta de car\u00e1ter. Demonstrou, ainda, que \u00e9 uma amea\u00e7a \u00e0 cidade de S\u00e3o Paulo. Ser\u00e1 detido no voto.<\/em><\/p>\n<p><em>Mas, a despeito disso, precisava tamb\u00e9m ser contido com atos. Foi o que eu fiz.<\/em><\/p>\n<p><em>Eu sou um cara de verdade e, com um gesto extremo, por\u00e9m humano, expressei minha real indigna\u00e7\u00e3o por ter, de forma reiterada, sido agredido verbal e moralmente por um advers\u00e1rio que, como todos t\u00eam podido constatar, afronta a todos com desrespeito e ultraje, ao arrepio da \u00e9tica e da civilidade.<\/em><\/p>\n<p><em>As acusa\u00e7\u00f5es que Mar\u00e7al me fez diante de milh\u00f5es de pessoas s\u00e3o graves. E absolutamente falsas.<\/em><\/p>\n<p><em>Usando linguagem de marginais, algo que lhe \u00e9 t\u00e3o peculiar, feriu minha honra e maculou minha fam\u00edlia, j\u00e1 machucada pela perda de um ente querido em decorr\u00eancia do mesmo epis\u00f3dio agora novamente imputado a mim de forma vil pelo meu advers\u00e1rio.<\/em><\/p>\n<p><em>Errei, mas de forma alguma me arrependo. Preferia, sinceramente, que o epis\u00f3dio n\u00e3o tivesse ocorrido. Mas, fossem as mesmas as circunst\u00e2ncias, n\u00e3o deixaria de repetir o gesto, resposta extrema a um hist\u00f3rico de agress\u00f5es perpetradas a mim e a muitos outros por meu advers\u00e1rio.<\/em><\/p>\n<p><em>Espero, com minha atitude, ter mostrado, de uma vez por todas, o risco que a candidatura de Pablo Mar\u00e7al representa para a integridade das pessoas, para a nossa democracia e para a sobreviv\u00eancia de milh\u00f5es de cidad\u00e3os que dependem da atua\u00e7\u00e3o da prefeitura de S\u00e3o Paulo para ter uma vida menos indigna.<\/em><\/p>\n<p><em>Espero, tamb\u00e9m, ter lavado a alma de milh\u00f5es de pessoas que n\u00e3o aguentavam mais ver a cidade tratada com tanto desprezo e desamor por algu\u00e9m que se prop\u00f5e a govern\u00e1-la, mas que quer mesmo \u00e9 saque\u00e1-la, de bra\u00e7os dados com o crime organizado.<\/em><\/p>\n<p><em>Continuarei a disputa pela prefeitura de S\u00e3o Paulo para realizar meu sonho de fazer de S\u00e3o Paulo uma cidade melhor, que ofere\u00e7a uma vida digna aos que mais precisam. E tamb\u00e9m para defender a nossa democracia amea\u00e7ada por figuras como Pablo Mar\u00e7al que querem o obscurantismo e n\u00e3o o bem da cidade e de sua popula\u00e7\u00e3o.<\/em>\u201c<\/p>\n<p><strong>O Antagonista\u00a0<\/strong><\/p>\n<\/p><\/div>\n<p><br \/>\n<br \/><a href=\"https:\/\/diariodobrasilnoticias.com.br\/noticia\/-errei-mas-de-forma-alguma-me-arrependo-afirma-datena-sobre-cadeirada-em-marcal-66e8765a557eb\">Source link <\/a><\/p>","protected":false},"excerpt":{"rendered":"<p>Em nota oficial divulgada na manh\u00e3 desta segunda-feira, 16, o apresentador Jos\u00e9 Luiz Datena (foto), candidato do PSDB \u00e0 Prefeitura de S\u00e3o Paulo, admitiu que errou ao dar uma cadeirada&hellip;<\/p>","protected":false},"author":1,"featured_media":38023,"comment_status":"closed","ping_status":"open","sticky":false,"template":"","format":"standard","meta":{"content-type":"","footnotes":""},"categories":[16],"tags":[123,2448,5313,1267],"class_list":["post-38022","post","type-post","status-publish","format-standard","has-post-thumbnail","hentry","category-noticias","tag-brasil","tag-diario","tag-noticia","tag-noticias"],"_links":{"self":[{"href":"https:\/\/tvbrazilusa.com\/pt\/wp-json\/wp\/v2\/posts\/38022","targetHints":{"allow":["GET"]}}],"collection":[{"href":"https:\/\/tvbrazilusa.com\/pt\/wp-json\/wp\/v2\/posts"}],"about":[{"href":"https:\/\/tvbrazilusa.com\/pt\/wp-json\/wp\/v2\/types\/post"}],"author":[{"embeddable":true,"href":"https:\/\/tvbrazilusa.com\/pt\/wp-json\/wp\/v2\/users\/1"}],"replies":[{"embeddable":true,"href":"https:\/\/tvbrazilusa.com\/pt\/wp-json\/wp\/v2\/comments?post=38022"}],"version-history":[{"count":1,"href":"https:\/\/tvbrazilusa.com\/pt\/wp-json\/wp\/v2\/posts\/38022\/revisions"}],"predecessor-version":[{"id":38024,"href":"https:\/\/tvbrazilusa.com\/pt\/wp-json\/wp\/v2\/posts\/38022\/revisions\/38024"}],"wp:featuredmedia":[{"embeddable":true,"href":"https:\/\/tvbrazilusa.com\/pt\/wp-json\/wp\/v2\/media\/38023"}],"wp:attachment":[{"href":"https:\/\/tvbrazilusa.com\/pt\/wp-json\/wp\/v2\/media?parent=38022"}],"wp:term":[{"taxonomy":"category","embeddable":true,"href":"https:\/\/tvbrazilusa.com\/pt\/wp-json\/wp\/v2\/categories?post=38022"},{"taxonomy":"post_tag","embeddable":true,"href":"https:\/\/tvbrazilusa.com\/pt\/wp-json\/wp\/v2\/tags?post=38022"}],"curies":[{"name":"wp","href":"https:\/\/api.w.org\/{rel}","templated":true}]}}