{"id":38028,"date":"2024-09-16T20:32:14","date_gmt":"2024-09-16T20:32:14","guid":{"rendered":"https:\/\/tvbrazilusa.com\/2024\/09\/16\/psdb-mantem-candidatura-de-datena-apos-cadeirada\/"},"modified":"2024-09-16T20:32:15","modified_gmt":"2024-09-16T20:32:15","slug":"psdb-mantem-candidatura-de-datena-apos-cadeirada","status":"publish","type":"post","link":"https:\/\/tvbrazilusa.com\/pt\/2024\/09\/16\/psdb-mantem-candidatura-de-datena-apos-cadeirada\/","title":{"rendered":"PSDB mant\u00e9m candidatura de Datena ap\u00f3s cadeirada"},"content":{"rendered":"<p> <script async src=\"https:\/\/pagead2.googlesyndication.com\/pagead\/js\/adsbygoogle.js?client=ca-pub-8864793242727901\"\r\n     crossorigin=\"anonymous\"><\/script><br \/>\n<\/p>\n<div id=\"taboola-read-more\" style=\"display:block; width:100%\">\n<p>O presidente nacional do PSDB, Marconi Perillo, sustentou a candidatura do apresentador Jos\u00e9 Luiz Datena \u00e0 prefeitura de S\u00e3o Paulo apesar da cadeirada dada no candidato do PRTB, Pablo Mar\u00e7al.<\/p>\n<p>\u201cDatena \u00e9 e continuar\u00e1 a ser o candidato do partido\u201d, disse Perillo \u00e0 CNN Brasil logo ap\u00f3s a expuls\u00e3o de Datena do debate da TV Cultura no domingo, 15.<\/p>\n<p>A manuten\u00e7\u00e3o da candidatura de Datena tamb\u00e9m foi assegurada pelo presidente do diret\u00f3rio municipal do partido e candidato a vice na chapa de Datena, o ex-senador Jos\u00e9 An\u00edbal, que disse acreditar que a agress\u00e3o a Mar\u00e7al n\u00e3o ir\u00e1 atrapalhar a campanha.<\/p>\n<p>\u201cN\u00e3o tenho essa preocupa\u00e7\u00e3o de que atrapalhe Datena, ao contr\u00e1rio. O cara queria colocar nele a pecha de estuprador. Chegou a cham\u00e1-lo de Jack. N\u00e3o existe acusa\u00e7\u00e3o pior\u201d, disse An\u00edbal ao jornal O Globo.<\/p>\n<p>Em nota, Datena reconheceu nesta segunda-feira, 16, que errou. Contudo, ele disse que n\u00e3o se arrepende da agress\u00e3o e que adotaria a mesma postura, caso fosse provocado de novo.<\/p>\n<p>\u201cN\u00e3o defendo o uso da viol\u00eancia para resolver um conflito. Essa \u00e9 a regra e sempre a respeitei nos meus 67 anos de vida. At\u00e9 o dia de ontem. Porque torna-se dif\u00edcil obedec\u00ea-la quando os limites de civilidade s\u00e3o rompidos e corrompidos por um oponente. Infelizmente, foi o que aconteceu na noite deste domingo durante debate promovido pela TV Cultura\u201d, disse Datena.<\/p>\n<p>\u201cAs acusa\u00e7\u00f5es que Mar\u00e7al me fez diante de milh\u00f5es de pessoas s\u00e3o graves. E absolutamente falsas. Usando linguagem de marginais, algo que lhe \u00e9 t\u00e3o peculiar, feriu minha honra e maculou minha fam\u00edlia, j\u00e1 machucada pela perda de um ente querido em decorr\u00eancia do mesmo epis\u00f3dio agora novamente imputado a mim de forma vil pelo meu advers\u00e1rio\u201d, acrescentou.<\/p>\n<p><strong>O Antagonista\u00a0<\/strong><\/p>\n<\/p><\/div>\n<p><br \/>\n<br \/><a href=\"https:\/\/diariodobrasilnoticias.com.br\/noticia\/psdb-mantem-candidatura-de-datena-apos-cadeirada-66e878eb6f7db\">Source link <\/a><\/p>","protected":false},"excerpt":{"rendered":"<p>O presidente nacional do PSDB, Marconi Perillo, sustentou a candidatura do apresentador Jos\u00e9 Luiz Datena \u00e0 prefeitura de S\u00e3o Paulo apesar da cadeirada dada no candidato do PRTB, Pablo Mar\u00e7al.&hellip;<\/p>","protected":false},"author":1,"featured_media":38029,"comment_status":"closed","ping_status":"open","sticky":false,"template":"","format":"standard","meta":{"content-type":"","footnotes":""},"categories":[16],"tags":[123,2448,5313,1267],"class_list":["post-38028","post","type-post","status-publish","format-standard","has-post-thumbnail","hentry","category-noticias","tag-brasil","tag-diario","tag-noticia","tag-noticias"],"_links":{"self":[{"href":"https:\/\/tvbrazilusa.com\/pt\/wp-json\/wp\/v2\/posts\/38028","targetHints":{"allow":["GET"]}}],"collection":[{"href":"https:\/\/tvbrazilusa.com\/pt\/wp-json\/wp\/v2\/posts"}],"about":[{"href":"https:\/\/tvbrazilusa.com\/pt\/wp-json\/wp\/v2\/types\/post"}],"author":[{"embeddable":true,"href":"https:\/\/tvbrazilusa.com\/pt\/wp-json\/wp\/v2\/users\/1"}],"replies":[{"embeddable":true,"href":"https:\/\/tvbrazilusa.com\/pt\/wp-json\/wp\/v2\/comments?post=38028"}],"version-history":[{"count":1,"href":"https:\/\/tvbrazilusa.com\/pt\/wp-json\/wp\/v2\/posts\/38028\/revisions"}],"predecessor-version":[{"id":38030,"href":"https:\/\/tvbrazilusa.com\/pt\/wp-json\/wp\/v2\/posts\/38028\/revisions\/38030"}],"wp:featuredmedia":[{"embeddable":true,"href":"https:\/\/tvbrazilusa.com\/pt\/wp-json\/wp\/v2\/media\/38029"}],"wp:attachment":[{"href":"https:\/\/tvbrazilusa.com\/pt\/wp-json\/wp\/v2\/media?parent=38028"}],"wp:term":[{"taxonomy":"category","embeddable":true,"href":"https:\/\/tvbrazilusa.com\/pt\/wp-json\/wp\/v2\/categories?post=38028"},{"taxonomy":"post_tag","embeddable":true,"href":"https:\/\/tvbrazilusa.com\/pt\/wp-json\/wp\/v2\/tags?post=38028"}],"curies":[{"name":"wp","href":"https:\/\/api.w.org\/{rel}","templated":true}]}}