{"id":38043,"date":"2024-09-16T20:25:38","date_gmt":"2024-09-16T20:25:38","guid":{"rendered":"https:\/\/tvbrazilusa.com\/2024\/09\/16\/assista-quem-e-o-culpado-pela-derrota-dos-patriots-na-prorrogacao-2\/"},"modified":"2024-09-16T20:55:36","modified_gmt":"2024-09-16T20:55:36","slug":"assista-quem-e-o-culpado-pela-derrota-dos-patriots-na-prorrogacao-2","status":"publish","type":"post","link":"https:\/\/tvbrazilusa.com\/pt\/2024\/09\/16\/assista-quem-e-o-culpado-pela-derrota-dos-patriots-na-prorrogacao-2\/","title":{"rendered":"Assista: Quem \u00e9 o culpado pela derrota dos Patriots na prorroga\u00e7\u00e3o?"},"content":{"rendered":"<p> <script async src=\"https:\/\/pagead2.googlesyndication.com\/pagead\/js\/adsbygoogle.js?client=ca-pub-8864793242727901\"\r\n     crossorigin=\"anonymous\"><\/script><br \/>\n<\/p>\n<p>O escritor do Boston.com, Khari A. Thompson, diz que &#8220;a linha ofensiva precisa de ajuda&#8221;. Ele analisa o que o time precisa consertar para voltar \u00e0 coluna das vit\u00f3rias.<\/p>\n<p>O posto <a href=\"https:\/\/www.boston.com\/sports\/boston-globe-today\/2024\/09\/16\/watch-whos-to-blame-for-the-patriots-overtime-loss\/\">Assista: Quem \u00e9 o culpado pela derrota dos Patriots na prorroga\u00e7\u00e3o?<\/a> apareceu primeiro em <a href=\"https:\/\/www.boston.com\">Boston.com<\/a>.<\/p>\n<p><br \/>\n<br \/><a href=\"https:\/\/www.boston.com\/sports\/boston-globe-today\/2024\/09\/16\/watch-whos-to-blame-for-the-patriots-overtime-loss\/\">Source link <\/a><\/p>","protected":false},"excerpt":{"rendered":"<p>O escritor do Boston.com, Khari A. Thompson, diz que &#8220;a linha ofensiva precisa de ajuda&#8221;. Ele analisa o que o time precisa consertar para voltar \u00e0 coluna das vit\u00f3rias. O&hellip;<\/p>","protected":false},"author":1,"featured_media":38035,"comment_status":"closed","ping_status":"open","sticky":false,"template":"","format":"standard","meta":{"content-type":"","footnotes":""},"categories":[1],"tags":[],"class_list":["post-38043","post","type-post","status-publish","format-standard","has-post-thumbnail","hentry","category-uncategorized"],"_links":{"self":[{"href":"https:\/\/tvbrazilusa.com\/pt\/wp-json\/wp\/v2\/posts\/38043","targetHints":{"allow":["GET"]}}],"collection":[{"href":"https:\/\/tvbrazilusa.com\/pt\/wp-json\/wp\/v2\/posts"}],"about":[{"href":"https:\/\/tvbrazilusa.com\/pt\/wp-json\/wp\/v2\/types\/post"}],"author":[{"embeddable":true,"href":"https:\/\/tvbrazilusa.com\/pt\/wp-json\/wp\/v2\/users\/1"}],"replies":[{"embeddable":true,"href":"https:\/\/tvbrazilusa.com\/pt\/wp-json\/wp\/v2\/comments?post=38043"}],"version-history":[{"count":1,"href":"https:\/\/tvbrazilusa.com\/pt\/wp-json\/wp\/v2\/posts\/38043\/revisions"}],"predecessor-version":[{"id":38044,"href":"https:\/\/tvbrazilusa.com\/pt\/wp-json\/wp\/v2\/posts\/38043\/revisions\/38044"}],"wp:featuredmedia":[{"embeddable":true,"href":"https:\/\/tvbrazilusa.com\/pt\/wp-json\/wp\/v2\/media\/38035"}],"wp:attachment":[{"href":"https:\/\/tvbrazilusa.com\/pt\/wp-json\/wp\/v2\/media?parent=38043"}],"wp:term":[{"taxonomy":"category","embeddable":true,"href":"https:\/\/tvbrazilusa.com\/pt\/wp-json\/wp\/v2\/categories?post=38043"},{"taxonomy":"post_tag","embeddable":true,"href":"https:\/\/tvbrazilusa.com\/pt\/wp-json\/wp\/v2\/tags?post=38043"}],"curies":[{"name":"wp","href":"https:\/\/api.w.org\/{rel}","templated":true}]}}