{"id":38047,"date":"2024-09-16T21:05:17","date_gmt":"2024-09-16T21:05:17","guid":{"rendered":"https:\/\/tvbrazilusa.com\/2024\/09\/16\/ibaneis-afirma-que-ferias-dos-bombeiros-serao-suspensas-para-combater-incendios\/"},"modified":"2024-09-16T21:05:18","modified_gmt":"2024-09-16T21:05:18","slug":"ibaneis-afirma-que-ferias-dos-bombeiros-serao-suspensas-para-combater-incendios","status":"publish","type":"post","link":"https:\/\/tvbrazilusa.com\/pt\/2024\/09\/16\/ibaneis-afirma-que-ferias-dos-bombeiros-serao-suspensas-para-combater-incendios\/","title":{"rendered":"Ibaneis afirma que f\u00e9rias dos bombeiros ser\u00e3o suspensas para combater inc\u00eandios"},"content":{"rendered":"<p> <script async src=\"https:\/\/pagead2.googlesyndication.com\/pagead\/js\/adsbygoogle.js?client=ca-pub-8864793242727901\"\r\n     crossorigin=\"anonymous\"><\/script><br \/>\n<\/p>\n<div>\n<figure class=\"post-image\">\n<\/figure>\n<p><span style=\"font-size: 12px\">IGO ESTRELA\/Metropoles @igoestrela<\/span><\/p>\n<div id=\"taboola-read-more\" style=\"display:block; width:100%\">\n<p>O Governo do DF (GDF) vai suspender as f\u00e9rias de todos os militares do Corpo de Bombeiros do Distrito Federal (CBMDF) da capital, que ser\u00e3o convocados para o combate ao inc\u00eandio que destr\u00f3i o Parque Nacional de Bras\u00edlia desde domingo (15\/9). O governador Ibaneis Rocha (MDB) disse ao Metr\u00f3poles que tamb\u00e9m ir\u00e1 convocar de volta os integrantes da corpora\u00e7\u00e3o que est\u00e3o cedidos \u00e0 For\u00e7a Nacional ou outros \u00f3rg\u00e3os.<\/p>\n<p>O inc\u00eandio que atinge o Parque Nacional de Bras\u00edlia, tamb\u00e9m conhecido como \u00c1gua Mineral, come\u00e7ou na tarde de domingo. Segundo o \u00faltimo balan\u00e7o divulgado pelo Instituto Chico Mendes de Conserva\u00e7\u00e3o da Biodiversidade (ICMBio), 700 hectares de \u00e1rea interna do parque j\u00e1 foram atingidos pelas chamas, o que equivale a 980 campos de futebol.<\/p>\n<blockquote>\n<p>\u201cVamos refor\u00e7ar a preven\u00e7\u00e3o com bombeiros indo aos locais que costumam ter inc\u00eandio e n\u00e3o apenas trabalhar quando o fogo j\u00e1 surgiu. Todos os bombeiros ter\u00e3o as f\u00e9rias suspensas e os bombeiros que est\u00e3o cedidos, inclusive para a For\u00e7a Nacional, voltar\u00e3o\u201d, revelou Ibaneis.<\/p>\n<\/blockquote>\n<\/div>\n<h4>Outras medidas<\/h4>\n<p>Todos os dias, logo nas primeiras horas da manh\u00e3, o CBMDF passar\u00e1 a sobrevoar a capital federal a fim de identificar focos de inc\u00eandios florestais. A medida, acordada entre \u00f3rg\u00e3os do GDF durante reuni\u00e3o nesta segunda-feira (16\/9), visa agilizar o combate \u00e0s chamas, que destroem v\u00e1rios pontos do Cerrado, inclusive grande parte do Parque Nacional de Bras\u00edlia.<\/p>\n<p>Segundo a secret\u00e1ria de Educa\u00e7\u00e3o do DF, H\u00e9lvia Paranagu\u00e1, que participou da reuni\u00e3o, 1,5 mil homens estar\u00e3o mobilizados para combater os inc\u00eandios florestais. \u201cHelic\u00f3pteros dos bombeiros e da Pol\u00edcia Militar (PMDF) v\u00e3o sobrevoar todo o DF para levantar onde tem foco de inc\u00eandio. Eles j\u00e1 avisam aos bombeiros, que v\u00e3o mandar equipe para os locais\u201d, disse a chefe da pasta.<\/p>\n<p><strong>Metr\u00f3poles\u00a0<\/strong><\/p>\n<\/p><\/div>\n<p><br \/>\n<br \/><a href=\"https:\/\/diariodobrasilnoticias.com.br\/noticia\/ibaneis-afirma-que-ferias-dos-bombeiros-serao-suspensas-para-combater-incendios-66e87a46318ff\">Source link <\/a><\/p>","protected":false},"excerpt":{"rendered":"<p>IGO ESTRELA\/Metropoles @igoestrela O Governo do DF (GDF) vai suspender as f\u00e9rias de todos os militares do Corpo de Bombeiros do Distrito Federal (CBMDF) da capital, que ser\u00e3o convocados para&hellip;<\/p>","protected":false},"author":1,"featured_media":38048,"comment_status":"closed","ping_status":"open","sticky":false,"template":"","format":"standard","meta":{"content-type":"","footnotes":""},"categories":[16],"tags":[123,2448,5313,1267],"class_list":["post-38047","post","type-post","status-publish","format-standard","has-post-thumbnail","hentry","category-noticias","tag-brasil","tag-diario","tag-noticia","tag-noticias"],"_links":{"self":[{"href":"https:\/\/tvbrazilusa.com\/pt\/wp-json\/wp\/v2\/posts\/38047","targetHints":{"allow":["GET"]}}],"collection":[{"href":"https:\/\/tvbrazilusa.com\/pt\/wp-json\/wp\/v2\/posts"}],"about":[{"href":"https:\/\/tvbrazilusa.com\/pt\/wp-json\/wp\/v2\/types\/post"}],"author":[{"embeddable":true,"href":"https:\/\/tvbrazilusa.com\/pt\/wp-json\/wp\/v2\/users\/1"}],"replies":[{"embeddable":true,"href":"https:\/\/tvbrazilusa.com\/pt\/wp-json\/wp\/v2\/comments?post=38047"}],"version-history":[{"count":1,"href":"https:\/\/tvbrazilusa.com\/pt\/wp-json\/wp\/v2\/posts\/38047\/revisions"}],"predecessor-version":[{"id":38049,"href":"https:\/\/tvbrazilusa.com\/pt\/wp-json\/wp\/v2\/posts\/38047\/revisions\/38049"}],"wp:featuredmedia":[{"embeddable":true,"href":"https:\/\/tvbrazilusa.com\/pt\/wp-json\/wp\/v2\/media\/38048"}],"wp:attachment":[{"href":"https:\/\/tvbrazilusa.com\/pt\/wp-json\/wp\/v2\/media?parent=38047"}],"wp:term":[{"taxonomy":"category","embeddable":true,"href":"https:\/\/tvbrazilusa.com\/pt\/wp-json\/wp\/v2\/categories?post=38047"},{"taxonomy":"post_tag","embeddable":true,"href":"https:\/\/tvbrazilusa.com\/pt\/wp-json\/wp\/v2\/tags?post=38047"}],"curies":[{"name":"wp","href":"https:\/\/api.w.org\/{rel}","templated":true}]}}