{"id":38056,"date":"2024-09-16T21:30:36","date_gmt":"2024-09-16T21:30:36","guid":{"rendered":"https:\/\/tvbrazilusa.com\/2024\/09\/16\/governo-argentino-exige-que-companhias-aereas-mantenham-50-dos-servicos-durante-greves-no-pais\/"},"modified":"2024-09-16T21:30:37","modified_gmt":"2024-09-16T21:30:37","slug":"governo-argentino-exige-que-companhias-aereas-mantenham-50-dos-servicos-durante-greves-no-pais","status":"publish","type":"post","link":"https:\/\/tvbrazilusa.com\/pt\/2024\/09\/16\/governo-argentino-exige-que-companhias-aereas-mantenham-50-dos-servicos-durante-greves-no-pais\/","title":{"rendered":"Governo argentino exige que companhias a\u00e9reas mantenham 50% dos servi\u00e7os durante greves no pa\u00eds"},"content":{"rendered":"<p> <script async src=\"https:\/\/pagead2.googlesyndication.com\/pagead\/js\/adsbygoogle.js?client=ca-pub-8864793242727901\"\r\n     crossorigin=\"anonymous\"><\/script><br \/>\n<\/p>\n<div id=\"taboola-read-more\" style=\"display:block; width:100%\">\n<p>O governo argentino regulamentou, nesta segunda-feira, 16, um decreto que declara a avia\u00e7\u00e3o civil como &#8220;servi\u00e7o essencial&#8221; e obriga as linhas a\u00e9reas a garantirem pelo menos 50% do servi\u00e7o durante as greves, ap\u00f3s paralisa\u00e7\u00f5es que afetaram dezenas de milhares de passageiros este m\u00eas.<\/p>\n<p>Durante uma medida de greve, &#8220;dever\u00e1 ser considerado para a determina\u00e7\u00e3o dos servi\u00e7os m\u00ednimos um percentual que em nenhum caso poder\u00e1 ser inferior a 50% em rela\u00e7\u00e3o \u00e0 atividade ou presta\u00e7\u00e3o normal e regular dos servi\u00e7os&#8221;, afirma o decreto.<\/p>\n<p><strong>Comiss\u00e3o define voos mantidos<\/strong><\/p>\n<p>Ao ser informado sobre uma convoca\u00e7\u00e3o de greve com pelo menos cinco dias de anteced\u00eancia, deve-se formar &#8220;uma comiss\u00e3o que, em 24 horas, dever\u00e1 definir os voos que ser\u00e3o mantidos durante a medida de for\u00e7a&#8221;, detalhou o ministro de Desregula\u00e7\u00e3o e Transforma\u00e7\u00e3o do Estado, Federico Sturzenegger, em sua conta na rede social X.<\/p>\n<p>Caso a comiss\u00e3o n\u00e3o consiga um acordo, a Secretaria do Trabalho definir\u00e1 quais servi\u00e7os devem ser mantidos, acrescentou o funcion\u00e1rio.<\/p>\n<p><strong>Impactos econ\u00f4micos e rea\u00e7\u00f5es<\/strong><\/p>\n<p>O decreto, que tem a assinatura do presidente Javier Milei, regulamenta outro emitido em dezembro de 2023, que estabelece a essencialidade da avia\u00e7\u00e3o civil.<\/p>\n<p>O secret\u00e1rio-geral da Associa\u00e7\u00e3o de Pilotos de Linhas A\u00e9reas (Apla), Pablo Bir\u00f3, repudiou a decis\u00e3o como &#8220;ileg\u00edtima e ilegal&#8221; em uma entrevista \u00e0 Radio Mitre. Segundo Bir\u00f3, o setor recorrer\u00e1 \u00e0 justi\u00e7a e a organismos internacionais de trabalho e direitos humanos, afirmando que &#8220;o direito de greve \u00e9 fundamental e s\u00f3 pode ser regulamentado quando houver risco para bens superiores, como a vida humana ou a sa\u00fade&#8221;.<\/p>\n<p><strong>Greves e preju\u00edzos para Aerol\u00edneas Argentinas<\/strong><\/p>\n<p>Sindicatos de pilotos e tripulantes da Aerol\u00edneas Argentinas realizaram duas greves este m\u00eas para reivindicar melhorias salariais e rejeitar a declara\u00e7\u00e3o da avia\u00e7\u00e3o civil como um servi\u00e7o essencial. A paralisa\u00e7\u00e3o de 6 de setembro afetou 150 voos e 15.000 passageiros, enquanto a greve do dia seguinte, que durou 24 horas, impactou 319 voos e mais de 30.000 passageiros.<\/p>\n<p>Bir\u00f3 explicou que os sal\u00e1rios dos pilotos est\u00e3o defasados em quase 80% em rela\u00e7\u00e3o a outubro de 2023, enquanto a infla\u00e7\u00e3o na Argentina atingiu 236,7% em agosto. Segundo ele, a Aerol\u00edneas oferece 14%, mas o sindicato demanda um aumento de at\u00e9 35%.<\/p>\n<p class=\"m-0 p-0 lg:text-pretty body-extra-large text-colors-text dark:text-colors-background overflow-hidden py-3 lg:py-4\">O Congresso argentino tem o poder de invalidar o decreto, como aconteceu recentemente com um que aumentava o or\u00e7amento para gastos com intelig\u00eancia.<\/p>\n<\/p><\/div>\n<p><br \/>\n<br \/><a href=\"https:\/\/diariodobrasilnoticias.com.br\/noticia\/governo-argentino-exige-que-companhias-aereas-mantenham-50-dos-servicos-durante-greves-no-pais-66e885d454000\">Source link <\/a><\/p>","protected":false},"excerpt":{"rendered":"<p>O governo argentino regulamentou, nesta segunda-feira, 16, um decreto que declara a avia\u00e7\u00e3o civil como &#8220;servi\u00e7o essencial&#8221; e obriga as linhas a\u00e9reas a garantirem pelo menos 50% do servi\u00e7o durante&hellip;<\/p>","protected":false},"author":1,"featured_media":38057,"comment_status":"closed","ping_status":"open","sticky":false,"template":"","format":"standard","meta":{"content-type":"","footnotes":""},"categories":[16],"tags":[123,2448,5313,1267],"class_list":["post-38056","post","type-post","status-publish","format-standard","has-post-thumbnail","hentry","category-noticias","tag-brasil","tag-diario","tag-noticia","tag-noticias"],"_links":{"self":[{"href":"https:\/\/tvbrazilusa.com\/pt\/wp-json\/wp\/v2\/posts\/38056","targetHints":{"allow":["GET"]}}],"collection":[{"href":"https:\/\/tvbrazilusa.com\/pt\/wp-json\/wp\/v2\/posts"}],"about":[{"href":"https:\/\/tvbrazilusa.com\/pt\/wp-json\/wp\/v2\/types\/post"}],"author":[{"embeddable":true,"href":"https:\/\/tvbrazilusa.com\/pt\/wp-json\/wp\/v2\/users\/1"}],"replies":[{"embeddable":true,"href":"https:\/\/tvbrazilusa.com\/pt\/wp-json\/wp\/v2\/comments?post=38056"}],"version-history":[{"count":1,"href":"https:\/\/tvbrazilusa.com\/pt\/wp-json\/wp\/v2\/posts\/38056\/revisions"}],"predecessor-version":[{"id":38058,"href":"https:\/\/tvbrazilusa.com\/pt\/wp-json\/wp\/v2\/posts\/38056\/revisions\/38058"}],"wp:featuredmedia":[{"embeddable":true,"href":"https:\/\/tvbrazilusa.com\/pt\/wp-json\/wp\/v2\/media\/38057"}],"wp:attachment":[{"href":"https:\/\/tvbrazilusa.com\/pt\/wp-json\/wp\/v2\/media?parent=38056"}],"wp:term":[{"taxonomy":"category","embeddable":true,"href":"https:\/\/tvbrazilusa.com\/pt\/wp-json\/wp\/v2\/categories?post=38056"},{"taxonomy":"post_tag","embeddable":true,"href":"https:\/\/tvbrazilusa.com\/pt\/wp-json\/wp\/v2\/tags?post=38056"}],"curies":[{"name":"wp","href":"https:\/\/api.w.org\/{rel}","templated":true}]}}