{"id":38072,"date":"2024-09-16T22:00:55","date_gmt":"2024-09-16T22:00:55","guid":{"rendered":"https:\/\/tvbrazilusa.com\/2024\/09\/16\/ator-mario-gomes-e-despejado-de-sua-casa-depois-de-perder-acao-trabalhista-para-sua-costureira-veja-video\/"},"modified":"2024-09-16T22:00:56","modified_gmt":"2024-09-16T22:00:56","slug":"ator-mario-gomes-e-despejado-de-sua-casa-depois-de-perder-acao-trabalhista-para-sua-costureira-veja-video","status":"publish","type":"post","link":"https:\/\/tvbrazilusa.com\/pt\/2024\/09\/16\/ator-mario-gomes-e-despejado-de-sua-casa-depois-de-perder-acao-trabalhista-para-sua-costureira-veja-video\/","title":{"rendered":"Ator M\u00e1rio Gomes \u00e9 despejado de sua casa depois de perder a\u00e7\u00e3o trabalhista para sua costureira; VEJA V\u00cdDEO"},"content":{"rendered":"<p> <script async src=\"https:\/\/pagead2.googlesyndication.com\/pagead\/js\/adsbygoogle.js?client=ca-pub-8864793242727901\"\r\n     crossorigin=\"anonymous\"><\/script><br \/>\n<\/p>\n<div id=\"taboola-read-more\" style=\"display:block; width:100%\">\n<p>M\u00e1rio Gomes, de 71 anos de idade, foi despejado de sua casa no \u00faltimo domingo (15). O ator morava desde 2002 em um condom\u00ednio em Joatinga, no Rio de Janeiro, com a esposa, Raquel Palma, e os dois filhos.<\/p>\n<p>A casa, avaliada em mais de R$ 20 milh\u00f5es, foi para leil\u00e3o para pagar d\u00edvidas trabalhistas de costureiras da antiga confec\u00e7\u00e3o que M\u00e1rio tinha no Paran\u00e1, sendo arrematada por R$ 720 mil. O processo estava acontecendo desde 2007, pois Gomes tinha se desfeito da empresa e ficou devendo sal\u00e1rios a 84 funcion\u00e1rias, tendo uma d\u00edvida em cerca de R$ 923 mil.<\/p>\n<p><strong>R7<\/strong><\/p>\n<\/p><\/div>\n<p><br \/>\n<br \/><a href=\"https:\/\/diariodobrasilnoticias.com.br\/noticia\/ator-mario-gomes-e-despejado-de-sua-casa-depois-de-perder-acao-trabalhista-para-sua-costureira-veja-video-66e88bb2d1294\">Source link <\/a><\/p>","protected":false},"excerpt":{"rendered":"<p>M\u00e1rio Gomes, de 71 anos de idade, foi despejado de sua casa no \u00faltimo domingo (15). O ator morava desde 2002 em um condom\u00ednio em Joatinga, no Rio de Janeiro,&hellip;<\/p>","protected":false},"author":1,"featured_media":38073,"comment_status":"closed","ping_status":"open","sticky":false,"template":"","format":"standard","meta":{"content-type":"","footnotes":""},"categories":[16],"tags":[123,2448,5313,1267],"class_list":["post-38072","post","type-post","status-publish","format-standard","has-post-thumbnail","hentry","category-noticias","tag-brasil","tag-diario","tag-noticia","tag-noticias"],"_links":{"self":[{"href":"https:\/\/tvbrazilusa.com\/pt\/wp-json\/wp\/v2\/posts\/38072","targetHints":{"allow":["GET"]}}],"collection":[{"href":"https:\/\/tvbrazilusa.com\/pt\/wp-json\/wp\/v2\/posts"}],"about":[{"href":"https:\/\/tvbrazilusa.com\/pt\/wp-json\/wp\/v2\/types\/post"}],"author":[{"embeddable":true,"href":"https:\/\/tvbrazilusa.com\/pt\/wp-json\/wp\/v2\/users\/1"}],"replies":[{"embeddable":true,"href":"https:\/\/tvbrazilusa.com\/pt\/wp-json\/wp\/v2\/comments?post=38072"}],"version-history":[{"count":1,"href":"https:\/\/tvbrazilusa.com\/pt\/wp-json\/wp\/v2\/posts\/38072\/revisions"}],"predecessor-version":[{"id":38074,"href":"https:\/\/tvbrazilusa.com\/pt\/wp-json\/wp\/v2\/posts\/38072\/revisions\/38074"}],"wp:featuredmedia":[{"embeddable":true,"href":"https:\/\/tvbrazilusa.com\/pt\/wp-json\/wp\/v2\/media\/38073"}],"wp:attachment":[{"href":"https:\/\/tvbrazilusa.com\/pt\/wp-json\/wp\/v2\/media?parent=38072"}],"wp:term":[{"taxonomy":"category","embeddable":true,"href":"https:\/\/tvbrazilusa.com\/pt\/wp-json\/wp\/v2\/categories?post=38072"},{"taxonomy":"post_tag","embeddable":true,"href":"https:\/\/tvbrazilusa.com\/pt\/wp-json\/wp\/v2\/tags?post=38072"}],"curies":[{"name":"wp","href":"https:\/\/api.w.org\/{rel}","templated":true}]}}