{"id":38083,"date":"2024-09-16T21:53:25","date_gmt":"2024-09-16T21:53:25","guid":{"rendered":"https:\/\/tvbrazilusa.com\/2024\/09\/16\/marido-morre-e-esposa-fica-gravemente-ferida-apos-esfaqueamento-em-milford\/"},"modified":"2024-09-16T22:23:45","modified_gmt":"2024-09-16T22:23:45","slug":"marido-morre-e-esposa-fica-gravemente-ferida-apos-esfaqueamento-em-milford","status":"publish","type":"post","link":"https:\/\/tvbrazilusa.com\/pt\/2024\/09\/16\/marido-morre-e-esposa-fica-gravemente-ferida-apos-esfaqueamento-em-milford\/","title":{"rendered":"Marido morre e esposa fica gravemente ferida ap\u00f3s esfaqueamento em Milford"},"content":{"rendered":"<p> <script async src=\"https:\/\/pagead2.googlesyndication.com\/pagead\/js\/adsbygoogle.js?client=ca-pub-8864793242727901\"\r\n     crossorigin=\"anonymous\"><\/script><br \/>\n<\/p>\n<div id=\"\">\n<header class=\"m-article-header m-article-header--standard\">\n\t\t\t\t\t\t\t\t\t\t\t\t<span id=\"article-header-primary-term\"><br \/>\n\t\t\t\t\t\t\t\t<a class=\"a-term a-term--primary\" href=\"https:\/\/www.boston.com\/tag\/local-news\/\"><\/p>\n<p>\t\t\t\t\t\t\t\tNot\u00edcias locais\t\t\t\t\t\t\t\t<\/a><br \/>\n\t\t\t\t\t\t\t<\/span><\/p>\n<h2 class=\"m-article-header__sub-headline\">O chefe de pol\u00edcia de Milford ajudou a reanimar uma das v\u00edtimas de esfaqueamento, disse o promotor p\u00fablico do Condado de Worcester na segunda-feira.<\/h2>\n<figure class=\"a-photo m-article-header__photo\"><figcaption class=\"a-photo__caption\">\n<p>\tSIRENA DA POL\u00cdCIA FILE.<em> (Foto AP\/Matt Rourke, Arquivo)<\/em>\t<\/figcaption><\/figure>\n<\/header>\n<p>Um homem morreu e uma mulher ficou gravemente ferida ap\u00f3s o que a pol\u00edcia acredita ser um incidente de viol\u00eancia dom\u00e9stica em Milford, disseram autoridades na tarde de segunda-feira.<\/p>\n<p>A pol\u00edcia de Milford foi at\u00e9 80 South Bow Street por volta das 9h da manh\u00e3 de segunda-feira, onde encontraram marido e mulher em seu apartamento de uma resid\u00eancia multifamiliar, disse o promotor p\u00fablico do Condado de Worcester, Joseph Early, em uma entrevista coletiva na segunda-feira. <\/p>\n<p>O chefe de pol\u00edcia de Milford, Robert Tusino, disse durante a coletiva de imprensa que ele estava entre os primeiros socorristas a chegar ao local.<\/p>\n<p>A mulher foi encontrada com m\u00faltiplas facadas e havia perdido uma quantidade significativa de sangue, disse Tusino. Ela foi transportada para o hospital para cirurgia e estava em estado cr\u00edtico na tarde de segunda-feira, disse Early.<\/p>\n<p>O promotor disse que a pol\u00edcia encontrou o marido dela no por\u00e3o sofrendo uma \u00fanica facada no peito. Ele foi declarado morto no local. <\/p>\n<p>O casal tem quatro filhos, Early disse, de 5, 7, 10 e 14 anos, que estavam na escola na \u00e9poca do incidente. As crian\u00e7as est\u00e3o atualmente com familiares.<\/p>\n<p>Tusino disse que n\u00e3o h\u00e1 amea\u00e7a ao p\u00fablico e que as autoridades acreditam que \u201ctodas as partes envolvidas foram responsabilizadas\u201d. Ele disse que n\u00e3o tem informa\u00e7\u00f5es suficientes para dizer quem foi o autor do incidente de viol\u00eancia dom\u00e9stica.<\/p>\n<h2 class=\"wp-block-heading\" id=\"h-what-happened-monday-morning-in-milford\">O que aconteceu na segunda-feira de manh\u00e3 em Milford?<\/h2>\n<p>A pol\u00edcia recebeu uma liga\u00e7\u00e3o para o 911 pedindo ajuda na casa da South Bow Street. Quando Tusino e outros policiais chegaram pela primeira vez, ele disse que era uma cena \u201cca\u00f3tica\u201d. <\/p>\n<p>\u201cHavia pessoas do lado de fora. Havia uma barreira lingu\u00edstica significativa\u201d, ele disse. \u201cMuita gente apontando para a casa.\u201d<\/p>\n<p>Tusino disse que a mulher inicialmente parecia &#8220;mortalmente ferida&#8221;. Early disse aos rep\u00f3rteres que a mulher foi reanimada por Tusino e outro oficial da linha de frente, ambos param\u00e9dicos treinados. <\/p>\n<p>\u201cEla se foi. Eles a trouxeram de volta\u201d, disse Early. <\/p>\n<p>A pol\u00edcia n\u00e3o identificou o casal porque toda a fam\u00edlia ainda n\u00e3o foi notificada, disse o promotor. A investiga\u00e7\u00e3o ainda est\u00e1 em andamento e ativa.<\/p>\n<p>\u201cEla passou por algumas opera\u00e7\u00f5es s\u00e9rias e certamente esperamos um bom resultado para ela, mas estamos cautelosamente otimistas\u201d, disse Tusino.<\/p>\n<div class=\"m-block m-generic-cta\t m-generic-cta--post-content\t m-generic-cta--dark\t m-generic-cta--homepage\t m-generic-cta--email-signup\t\t m-generic-cta-block-style--default \tt-amp__generic-cta\"><\/p>\n<div class=\"m-generic-cta__wrap\">\n<div class=\"m-generic-cta__content\">\n<h3 class=\"m-generic-cta__title\">Boston.com Hoje<\/h3>\n<p class=\"m-generic-cta__subtitle\">Inscreva-se para receber as \u00faltimas manchetes na sua caixa de entrada todas as manh\u00e3s.<\/p>\n<\/p><\/div>\n<\/p><\/div>\n<\/div><\/div>\n<p><script>\n\t\tvar consent=\"grant\";\n\t\t\/* The above code is parsing the JSON data from the local storage and storing it in a variable. *\/\n\t\t\t\t\tconst onetrustStorageConsent = JSON.parse(localStorage.getItem( 'consent_one_trust_bdc' ) );\n\t\t\tif ( ( onetrustStorageConsent !== null ) ) {\n\t\t\t\t\/* Checking to see if the user has consented to the use of cookies.\n\t\t\t\t* If they have not, it is deleting the cookie.\n\t\t\t\t* This will comment for now, until further notice.\n\t\t\t\t*\/\n\t\t\t\t\/\/if ( onetrustStorageConsent.C0002 === false ) {\n\t\t\t\t\/\/\tdocument.cookie=\"_fbp=;expires=Thu, 01 Jan 2010 00:00:00 UTC; path=\/; domain=.boston.com\";\n\t\t\t\t\/\/}\n\t\t\t\t\/* Checking if the user has given consent for the cookie C0002.\n\t\t\t\t* If the user has given consent, the variable consent will be set to 'grant'.\n\t\t\t\t* If the user has not given consent,the variable consent will be set to 'revoke'.\n\t\t\t\t* Documentation https:\/\/developers.facebook.com\/docs\/meta-pixel\/implementation\/gdpr\n\t\t\t\t*\/\n\t\t\t\tif ( onetrustStorageConsent.C0002 !== true ) {\n\t\t\t\t\tconsent=\"revoke\";\n\t\t\t\t}\n\t\t\t}\n\t\t\t\t!function(f,b,e,v,n,t,s)\n\t\t{if(f.fbq)return;n=f.fbq=function(){n.callMethod?\n\t\tn.callMethod.apply(n,arguments):n.queue.push(arguments)};\n\t\tif(!f._fbq)f._fbq=n;n.push=n;n.loaded=!0;n.version='2.0';\n\t\tn.queue=[];t=b.createElement(e);t.async=!0;\n\t\tt.src=v;s=b.getElementsByTagName(e)[0];\n\t\ts.parentNode.insertBefore(t,s)}(window, document,'script',\n\t\t'https:\/\/connect.facebook.net\/en_US\/fbevents.js');\n\t\tfbq('consent', consent);\n\t\tfbq('init', '989222871864976');\n\t\tfbq('track', 'PageView');\n\t<\/script><script type=\"module\">\n\t\tvar consent=\"grant\";\n\t\t\/* The above code is parsing the JSON data from the local storage and storing it in a variable. *\/\n\t\t\tconst onetrustStorageConsent = JSON.parse(localStorage.getItem( 'consent_one_trust_bdc' ) );\n\t\t\t\/* Checking to see if the user has consented to the use of cookies.\n\t\t\t* If they have not, it is deleting the cookie.\n\t\t\t* This will comment for now, until further notice.\n\t\t\t*\/\n\t\t\t\/\/if ( onetrustStorageConsent.C0002 === false ) {\n\t\t\t\/\/\tdocument.cookie=\"_fbp=;expires=Thu, 01 Jan 2010 00:00:00 UTC; path=\/; domain=.boston.com\";\n\t\t\t\/\/}\n\t\t\t\/* Checking if the user has given consent for the cookie C0002.\n\t\t\t* If the user has given consent, the variable consent will be set to 'grant'.\n\t\t\t* If the user has not given consent,the variable consent will be set to 'revoke'.\n\t\t\t* Documentation https:\/\/developers.facebook.com\/docs\/meta-pixel\/implementation\/gdpr\n\t\t\t*\/\n\t\t\tif ( ( onetrustStorageConsent !== null ) && (onetrustStorageConsent.C0002 !== true ) ) {\n\t\t\t\tconsent=\"revoke\";\n\t\t\t}\n\t\t\t\t!function(f,b,e,v,n,t,s){if(f.fbq)return;n=f.fbq=function()\n\t\t{n.callMethod? n.callMethod.apply(n,arguments):n.queue.push(arguments)}\n\t\t;if(!f._fbq)f._fbq=n;\n\t\tn.push=n;n.loaded=!0;n.version='2.0';n.queue=[];t=b.createElement(e);t.async=!0;\n\t\tt.src=v;s=b.getElementsByTagName(e)[0];s.parentNode.insertBefore(t,s)}(window,\n\t\tdocument,'script','https:\/\/connect.facebook.net\/en_US\/fbevents.js');\n\t\tfbq('consent', consent);\n\t\tfbq('init', '813236348753005');\n\t\tfbq('track', \"PageView\");\n\t<\/script><br \/>\n<br \/><br \/>\n<br \/><a href=\"https:\/\/www.boston.com\/news\/local-news\/2024\/09\/16\/husband-dead-wife-critically-injured-after-stabbing-in-milford\/\">Source link <\/a><\/p>","protected":false},"excerpt":{"rendered":"<p>Not\u00edcias locais O chefe de pol\u00edcia de Milford ajudou a reanimar uma das v\u00edtimas de esfaqueamento, disse o promotor p\u00fablico do Condado de Worcester na segunda-feira. SIRENA DA POL\u00cdCIA FILE.&hellip;<\/p>","protected":false},"author":1,"featured_media":38084,"comment_status":"closed","ping_status":"open","sticky":false,"template":"","format":"standard","meta":{"content-type":"","footnotes":""},"categories":[1],"tags":[],"class_list":["post-38083","post","type-post","status-publish","format-standard","has-post-thumbnail","hentry","category-uncategorized"],"_links":{"self":[{"href":"https:\/\/tvbrazilusa.com\/pt\/wp-json\/wp\/v2\/posts\/38083","targetHints":{"allow":["GET"]}}],"collection":[{"href":"https:\/\/tvbrazilusa.com\/pt\/wp-json\/wp\/v2\/posts"}],"about":[{"href":"https:\/\/tvbrazilusa.com\/pt\/wp-json\/wp\/v2\/types\/post"}],"author":[{"embeddable":true,"href":"https:\/\/tvbrazilusa.com\/pt\/wp-json\/wp\/v2\/users\/1"}],"replies":[{"embeddable":true,"href":"https:\/\/tvbrazilusa.com\/pt\/wp-json\/wp\/v2\/comments?post=38083"}],"version-history":[{"count":1,"href":"https:\/\/tvbrazilusa.com\/pt\/wp-json\/wp\/v2\/posts\/38083\/revisions"}],"predecessor-version":[{"id":38085,"href":"https:\/\/tvbrazilusa.com\/pt\/wp-json\/wp\/v2\/posts\/38083\/revisions\/38085"}],"wp:featuredmedia":[{"embeddable":true,"href":"https:\/\/tvbrazilusa.com\/pt\/wp-json\/wp\/v2\/media\/38084"}],"wp:attachment":[{"href":"https:\/\/tvbrazilusa.com\/pt\/wp-json\/wp\/v2\/media?parent=38083"}],"wp:term":[{"taxonomy":"category","embeddable":true,"href":"https:\/\/tvbrazilusa.com\/pt\/wp-json\/wp\/v2\/categories?post=38083"},{"taxonomy":"post_tag","embeddable":true,"href":"https:\/\/tvbrazilusa.com\/pt\/wp-json\/wp\/v2\/tags?post=38083"}],"curies":[{"name":"wp","href":"https:\/\/api.w.org\/{rel}","templated":true}]}}