{"id":38101,"date":"2024-09-16T23:02:08","date_gmt":"2024-09-16T23:02:08","guid":{"rendered":"https:\/\/tvbrazilusa.com\/2024\/09\/16\/incendio-em-brasilia-toma-conta-de-local-proximo-a-guarda-presidencial-dragoes-da-independencia-veja-video\/"},"modified":"2024-09-16T23:02:09","modified_gmt":"2024-09-16T23:02:09","slug":"incendio-em-brasilia-toma-conta-de-local-proximo-a-guarda-presidencial-dragoes-da-independencia-veja-video","status":"publish","type":"post","link":"https:\/\/tvbrazilusa.com\/pt\/2024\/09\/16\/incendio-em-brasilia-toma-conta-de-local-proximo-a-guarda-presidencial-dragoes-da-independencia-veja-video\/","title":{"rendered":"Inc\u00eandio em Bras\u00edlia toma conta de local pr\u00f3ximo a guarda presidencial Drag\u00f5es da independ\u00eancia, VEJA V\u00cdDEO"},"content":{"rendered":"<p> <script async src=\"https:\/\/pagead2.googlesyndication.com\/pagead\/js\/adsbygoogle.js?client=ca-pub-8864793242727901\"\r\n     crossorigin=\"anonymous\"><\/script><br \/>\n<\/p>\n<div id=\"taboola-read-more\" style=\"display:block; width:100%\">\n<p>m inc\u00eandio de grandes propor\u00e7\u00f5es tomou conta de uma \u00e1rea pr\u00f3xima \u00e0 sede dos Drag\u00f5es da Independ\u00eancia, a guarda presidencial de Bras\u00edlia, na tarde deste domingo. O fogo, que come\u00e7ou por volta das 15h, rapidamente se espalhou, provocando uma mobiliza\u00e7\u00e3o emergencial dos bombeiros e das autoridades locais.<\/p>\n<p>A \u00e1rea afetada pelo inc\u00eandio inclui \u00e1reas verdes e edifica\u00e7\u00f5es pr\u00f3ximas ao quartel dos Drag\u00f5es da Independ\u00eancia, uma unidade hist\u00f3rica respons\u00e1vel pela seguran\u00e7a do presidente da Rep\u00fablica e de outras autoridades de Estado. O local \u00e9 conhecido por sua import\u00e2ncia cerimonial e hist\u00f3rica, o que aumentou a preocupa\u00e7\u00e3o com a seguran\u00e7a e a preserva\u00e7\u00e3o do patrim\u00f4nio.<\/p>\n<p>As chamas foram inicialmente detectadas por moradores da regi\u00e3o, que relataram uma densa coluna de fuma\u00e7a vis\u00edvel a v\u00e1rios quil\u00f4metros de dist\u00e2ncia. Imediatamente, equipes do Corpo de Bombeiros de Bras\u00edlia foram acionadas para controlar o inc\u00eandio. At\u00e9 o momento, mais de 50 bombeiros est\u00e3o no local, trabalhando com caminh\u00f5es-pipa e outros equipamentos especializados para conter o fogo.<\/p>\n<p>O inc\u00eandio tamb\u00e9m levou ao fechamento de ruas ao redor da \u00e1rea afetada, o que causou transtornos no tr\u00e1fego local. A Pol\u00edcia Militar foi acionada para garantir a seguran\u00e7a dos moradores e para auxiliar na coordena\u00e7\u00e3o do tr\u00e1fego.<\/p>\n<p>A causa do inc\u00eandio ainda n\u00e3o foi confirmada, e uma investiga\u00e7\u00e3o est\u00e1 em andamento para determinar se houve neglig\u00eancia, acidente ou ato intencional. As autoridades locais pediram \u00e0 popula\u00e7\u00e3o que evite a \u00e1rea para facilitar o trabalho dos profissionais e para garantir a seguran\u00e7a p\u00fablica.<\/p>\n<p>A administra\u00e7\u00e3o do pal\u00e1cio presidencial e a Guarda de Drag\u00f5es da Independ\u00eancia emitiram um comunicado afirmando que n\u00e3o houve danos diretos \u00e0s instala\u00e7\u00f5es militares e que n\u00e3o h\u00e1 relatos de feridos entre os membros da guarda. No entanto, o incidente gerou preocupa\u00e7\u00f5es sobre a seguran\u00e7a das \u00e1reas adjacentes e a necessidade de medidas adicionais para prevenir futuros incidentes.<\/p>\n<p>O prefeito de Bras\u00edlia, que visitou o local, garantiu que todas as medidas necess\u00e1rias est\u00e3o sendo tomadas para controlar a situa\u00e7\u00e3o e minimizar os danos. Ele tamb\u00e9m prometeu uma revis\u00e3o das estrat\u00e9gias de preven\u00e7\u00e3o e resposta a inc\u00eandios para melhorar a seguran\u00e7a em \u00e1reas sens\u00edveis da cidade.<\/p>\n<p>Enquanto as equipes de combate ao inc\u00eandio continuam a trabalhar, a popula\u00e7\u00e3o e as autoridades aguardam mais informa\u00e7\u00f5es sobre a extens\u00e3o dos danos e a causa do incidente. A situa\u00e7\u00e3o est\u00e1 sendo monitorada de perto, e atualiza\u00e7\u00f5es ser\u00e3o fornecidas conforme novas informa\u00e7\u00f5es se tornem dispon\u00edveis.<\/p>\n<\/p><\/div>\n<p><br \/>\n<br \/><a href=\"https:\/\/diariodobrasilnoticias.com.br\/noticia\/incendio-em-brasilia-toma-conta-de-local-proximo-a-guarda-presidencial-dragoes-da-independencia-veja-video-66e8909d87c18\">Source link <\/a><\/p>","protected":false},"excerpt":{"rendered":"<p>m inc\u00eandio de grandes propor\u00e7\u00f5es tomou conta de uma \u00e1rea pr\u00f3xima \u00e0 sede dos Drag\u00f5es da Independ\u00eancia, a guarda presidencial de Bras\u00edlia, na tarde deste domingo. O fogo, que come\u00e7ou&hellip;<\/p>","protected":false},"author":1,"featured_media":38102,"comment_status":"closed","ping_status":"open","sticky":false,"template":"","format":"standard","meta":{"content-type":"","footnotes":""},"categories":[16],"tags":[123,2448,5313,1267],"class_list":["post-38101","post","type-post","status-publish","format-standard","has-post-thumbnail","hentry","category-noticias","tag-brasil","tag-diario","tag-noticia","tag-noticias"],"_links":{"self":[{"href":"https:\/\/tvbrazilusa.com\/pt\/wp-json\/wp\/v2\/posts\/38101","targetHints":{"allow":["GET"]}}],"collection":[{"href":"https:\/\/tvbrazilusa.com\/pt\/wp-json\/wp\/v2\/posts"}],"about":[{"href":"https:\/\/tvbrazilusa.com\/pt\/wp-json\/wp\/v2\/types\/post"}],"author":[{"embeddable":true,"href":"https:\/\/tvbrazilusa.com\/pt\/wp-json\/wp\/v2\/users\/1"}],"replies":[{"embeddable":true,"href":"https:\/\/tvbrazilusa.com\/pt\/wp-json\/wp\/v2\/comments?post=38101"}],"version-history":[{"count":1,"href":"https:\/\/tvbrazilusa.com\/pt\/wp-json\/wp\/v2\/posts\/38101\/revisions"}],"predecessor-version":[{"id":38103,"href":"https:\/\/tvbrazilusa.com\/pt\/wp-json\/wp\/v2\/posts\/38101\/revisions\/38103"}],"wp:featuredmedia":[{"embeddable":true,"href":"https:\/\/tvbrazilusa.com\/pt\/wp-json\/wp\/v2\/media\/38102"}],"wp:attachment":[{"href":"https:\/\/tvbrazilusa.com\/pt\/wp-json\/wp\/v2\/media?parent=38101"}],"wp:term":[{"taxonomy":"category","embeddable":true,"href":"https:\/\/tvbrazilusa.com\/pt\/wp-json\/wp\/v2\/categories?post=38101"},{"taxonomy":"post_tag","embeddable":true,"href":"https:\/\/tvbrazilusa.com\/pt\/wp-json\/wp\/v2\/tags?post=38101"}],"curies":[{"name":"wp","href":"https:\/\/api.w.org\/{rel}","templated":true}]}}