{"id":38116,"date":"2024-09-16T23:30:46","date_gmt":"2024-09-16T23:30:46","guid":{"rendered":"https:\/\/tvbrazilusa.com\/2024\/09\/16\/homem-espirra-e-expulsa-peca-de-lego-que-estava-presa-no-nariz-ha-26-anos-agora-consigo-respirar\/"},"modified":"2024-09-16T23:30:48","modified_gmt":"2024-09-16T23:30:48","slug":"homem-espirra-e-expulsa-peca-de-lego-que-estava-presa-no-nariz-ha-26-anos-agora-consigo-respirar","status":"publish","type":"post","link":"https:\/\/tvbrazilusa.com\/pt\/2024\/09\/16\/homem-espirra-e-expulsa-peca-de-lego-que-estava-presa-no-nariz-ha-26-anos-agora-consigo-respirar\/","title":{"rendered":"Homem espirra e expulsa pe\u00e7a de Lego que estava presa no nariz h\u00e1 26 anos: &#8216;Agora consigo respirar&#8217;"},"content":{"rendered":"<p> <script async src=\"https:\/\/pagead2.googlesyndication.com\/pagead\/js\/adsbygoogle.js?client=ca-pub-8864793242727901\"\r\n     crossorigin=\"anonymous\"><\/script><br \/>\n<\/p>\n<div id=\"taboola-read-more\" style=\"display:block; width:100%\">\n<p>Depois de conviver a maior parte da vida com alergias e problemas respirat\u00f3rios, um morador do Arizona, nos Estados Unidos, fez uma descoberta inusitada aos 32 anos: uma pe\u00e7a de Lego estava presa em seu nariz h\u00e1 pelo menos 26 anos. Andi Norton, mais conhecido como Ben Havoc, compartilhou o curioso acontecimento em suas redes sociais.<\/p>\n<p>No Instagram, Havoc explicou que o objeto saiu inesperadamente de uma das suas narinas durante um banho, no momento em que ele espirrou. Ao observar o pequeno peda\u00e7o de pl\u00e1stico, Havoc &#8220;reativou&#8221; mem\u00f3rias da inf\u00e2ncia, especificamente de quando tinha cerca de 6 anos e colocou um peda\u00e7o de Lego no nariz.<\/p>\n<p>Na \u00e9poca, sua m\u00e3e tentou remover o brinquedo, mas, aparentemente, uma parte ficou presa por cerca de 26 anos.<\/p>\n<p>&#8220;Depois de a pe\u00e7a sair, a hist\u00f3ria do Lego me veio \u00e0 mem\u00f3ria como aquela cena de &#8216;Ratatouille&#8217;, quando o cr\u00edtico se lembra das suas mem\u00f3rias de inf\u00e2ncia. Agora consigo respirar deste lado do nariz e \u00e9 fant\u00e1stico. N\u00e3o conseguia desde que era crian\u00e7a&#8221;, contou Havoc em um v\u00eddeo.<\/p>\n<p>Em entrevista \u00e0 revista Newsweek, Havoc revelou que a pe\u00e7a foi respons\u00e1vel por in\u00fameros problemas respirat\u00f3rios ao longo de sua vida.<\/p>\n<p>&#8220;Durante toda a minha vida tive sensibilidade nos seios nasais, alergias e problemas de congest\u00e3o&#8221;, explicou.<\/p>\n<p><strong>TERRA\u00a0<\/strong><\/p>\n<\/p><\/div>\n<p><br \/>\n<br \/><a href=\"https:\/\/diariodobrasilnoticias.com.br\/noticia\/homem-espirra-e-expulsa-peca-de-lego-que-estava-presa-no-nariz-ha-26-anos-agora-consigo-respirar-66e89c3d73c64\">Source link <\/a><\/p>","protected":false},"excerpt":{"rendered":"<p>Depois de conviver a maior parte da vida com alergias e problemas respirat\u00f3rios, um morador do Arizona, nos Estados Unidos, fez uma descoberta inusitada aos 32 anos: uma pe\u00e7a de&hellip;<\/p>","protected":false},"author":1,"featured_media":38117,"comment_status":"closed","ping_status":"open","sticky":false,"template":"","format":"standard","meta":{"content-type":"","footnotes":""},"categories":[16],"tags":[123,2448,5313,1267],"class_list":["post-38116","post","type-post","status-publish","format-standard","has-post-thumbnail","hentry","category-noticias","tag-brasil","tag-diario","tag-noticia","tag-noticias"],"_links":{"self":[{"href":"https:\/\/tvbrazilusa.com\/pt\/wp-json\/wp\/v2\/posts\/38116","targetHints":{"allow":["GET"]}}],"collection":[{"href":"https:\/\/tvbrazilusa.com\/pt\/wp-json\/wp\/v2\/posts"}],"about":[{"href":"https:\/\/tvbrazilusa.com\/pt\/wp-json\/wp\/v2\/types\/post"}],"author":[{"embeddable":true,"href":"https:\/\/tvbrazilusa.com\/pt\/wp-json\/wp\/v2\/users\/1"}],"replies":[{"embeddable":true,"href":"https:\/\/tvbrazilusa.com\/pt\/wp-json\/wp\/v2\/comments?post=38116"}],"version-history":[{"count":1,"href":"https:\/\/tvbrazilusa.com\/pt\/wp-json\/wp\/v2\/posts\/38116\/revisions"}],"predecessor-version":[{"id":38118,"href":"https:\/\/tvbrazilusa.com\/pt\/wp-json\/wp\/v2\/posts\/38116\/revisions\/38118"}],"wp:featuredmedia":[{"embeddable":true,"href":"https:\/\/tvbrazilusa.com\/pt\/wp-json\/wp\/v2\/media\/38117"}],"wp:attachment":[{"href":"https:\/\/tvbrazilusa.com\/pt\/wp-json\/wp\/v2\/media?parent=38116"}],"wp:term":[{"taxonomy":"category","embeddable":true,"href":"https:\/\/tvbrazilusa.com\/pt\/wp-json\/wp\/v2\/categories?post=38116"},{"taxonomy":"post_tag","embeddable":true,"href":"https:\/\/tvbrazilusa.com\/pt\/wp-json\/wp\/v2\/tags?post=38116"}],"curies":[{"name":"wp","href":"https:\/\/api.w.org\/{rel}","templated":true}]}}