{"id":38129,"date":"2024-09-16T23:59:02","date_gmt":"2024-09-16T23:59:02","guid":{"rendered":"https:\/\/tvbrazilusa.com\/2024\/09\/16\/lula-institui-o-dia-do-pastor-evangelico-e-reconhece-as-expressoes-artisticas-cristas-por-meio-de-lei\/"},"modified":"2024-09-16T23:59:03","modified_gmt":"2024-09-16T23:59:03","slug":"lula-institui-o-dia-do-pastor-evangelico-e-reconhece-as-expressoes-artisticas-cristas-por-meio-de-lei","status":"publish","type":"post","link":"https:\/\/tvbrazilusa.com\/pt\/2024\/09\/16\/lula-institui-o-dia-do-pastor-evangelico-e-reconhece-as-expressoes-artisticas-cristas-por-meio-de-lei\/","title":{"rendered":"Lula institui o Dia do Pastor Evang\u00e9lico e reconhece as express\u00f5es art\u00edsticas crist\u00e3s por meio de lei"},"content":{"rendered":"<p> <script async src=\"https:\/\/pagead2.googlesyndication.com\/pagead\/js\/adsbygoogle.js?client=ca-pub-8864793242727901\"\r\n     crossorigin=\"anonymous\"><\/script><br \/>\n<\/p>\n<div id=\"taboola-read-more\" style=\"display:block; width:100%\">\n<p>Com a determina\u00e7\u00e3o, fica estabelecido que o Dia da Pastora Evang\u00e9lica e do Pastor Evang\u00e9lico ser\u00e1 celebrado, anualmente, no segundo domingo do m\u00eas de junho \u2014 mas sem ser feriado nacional.<\/p>\n<p>A partir de agora, tamb\u00e9m s\u00e3o legalmente reconhecidas as express\u00f5es art\u00edsticas crist\u00e3s e as influ\u00eancias do cristianismo, al\u00e9m de seus aspectos religiosos, como manifesta\u00e7\u00e3o cultural brasileira.<\/p>\n<h2>Aproxima\u00e7\u00e3o dos evang\u00e9licos<\/h2>\n<p>Em uma tentativa de se aproximar do eleitorado evang\u00e9lico, em agosto deste ano a Funda\u00e7\u00e3o Perseu Abramo, bra\u00e7o te\u00f3rico do PT, tamb\u00e9m elaborou uma cartilha para orientar o di\u00e1logo de candidatos do partido com religiosos na elei\u00e7\u00e3o municipal deste ano. O partido enfrenta nos \u00faltimos anos dificuldades para se conectar com esse segmento.<\/p>\n<p>O governo do presidente Luiz In\u00e1cio Lula da Silva tamb\u00e9m n\u00e3o obteve at\u00e9 agora sucesso em iniciativas voltadas para esse p\u00fablico, que faz uma avalia\u00e7\u00e3o pior da gest\u00e3o petista do que a m\u00e9dia da popula\u00e7\u00e3o.<\/p>\n<p>O material de nove p\u00e1ginas, com cita\u00e7\u00f5es de v\u00e1rias passagens b\u00edblicas, destaca que n\u00e3o deve haver exagero em falar o nome de Deus. A cartilha tenta aproximar o partido dos evang\u00e9licos ao optar por um texto na primeira pessoa do plural. \u201cN\u00f3s, os evang\u00e9licos, somos parte da grande diversidade brasileira e, assim, tamb\u00e9m somos plurais entre n\u00f3s mesmos, tanto no que diz respeito \u00e0 f\u00e9 (baseada na livre leitura e interpreta\u00e7\u00e3o da B\u00edblia), quanto \u00e0s nossas prefer\u00eancias pol\u00edticas\u201d, afirma.<\/p>\n<p>O texto diz que os membros das igrejas evang\u00e9licas \u201cparticiparam de v\u00e1rios momentos marcantes do pa\u00eds, inclusive da funda\u00e7\u00e3o do Partido dos Trabalhadores, que atualmente possui um n\u00facleo evang\u00e9lico atuante na maioria dos estados do pa\u00eds.\u201d Tamb\u00e9m destaca que \u201cpoliticamente, um dos principais elementos de uni\u00e3o entre os evang\u00e9licos, \u00e9 a defesa da liberdade religiosa\u201d.<\/p>\n<p>O texto recomenda lembrar que o PT criou, durante os governos anteriores de Lula, a Lei da Liberdade Religiosa e o Dia Nacional da Marcha para Jesus, maior encontro do segmento \u2014 o presidente n\u00e3o foi ao evento, mas enviou representantes e uma carta.<\/p>\n<p><strong>O Globo<\/strong><\/p>\n<\/p><\/div>\n<p><br \/>\n<br \/><a href=\"https:\/\/diariodobrasilnoticias.com.br\/noticia\/lula-institui-o-dia-do-pastor-evangelico-e-reconhece-as-expressoes-artisticas-cristas-por-meio-de-lei-66e8a14f9d70b\">Source link <\/a><\/p>","protected":false},"excerpt":{"rendered":"<p>Com a determina\u00e7\u00e3o, fica estabelecido que o Dia da Pastora Evang\u00e9lica e do Pastor Evang\u00e9lico ser\u00e1 celebrado, anualmente, no segundo domingo do m\u00eas de junho \u2014 mas sem ser feriado&hellip;<\/p>","protected":false},"author":1,"featured_media":38130,"comment_status":"closed","ping_status":"open","sticky":false,"template":"","format":"standard","meta":{"content-type":"","footnotes":""},"categories":[16],"tags":[123,2448,5313,1267],"class_list":["post-38129","post","type-post","status-publish","format-standard","has-post-thumbnail","hentry","category-noticias","tag-brasil","tag-diario","tag-noticia","tag-noticias"],"_links":{"self":[{"href":"https:\/\/tvbrazilusa.com\/pt\/wp-json\/wp\/v2\/posts\/38129","targetHints":{"allow":["GET"]}}],"collection":[{"href":"https:\/\/tvbrazilusa.com\/pt\/wp-json\/wp\/v2\/posts"}],"about":[{"href":"https:\/\/tvbrazilusa.com\/pt\/wp-json\/wp\/v2\/types\/post"}],"author":[{"embeddable":true,"href":"https:\/\/tvbrazilusa.com\/pt\/wp-json\/wp\/v2\/users\/1"}],"replies":[{"embeddable":true,"href":"https:\/\/tvbrazilusa.com\/pt\/wp-json\/wp\/v2\/comments?post=38129"}],"version-history":[{"count":1,"href":"https:\/\/tvbrazilusa.com\/pt\/wp-json\/wp\/v2\/posts\/38129\/revisions"}],"predecessor-version":[{"id":38131,"href":"https:\/\/tvbrazilusa.com\/pt\/wp-json\/wp\/v2\/posts\/38129\/revisions\/38131"}],"wp:featuredmedia":[{"embeddable":true,"href":"https:\/\/tvbrazilusa.com\/pt\/wp-json\/wp\/v2\/media\/38130"}],"wp:attachment":[{"href":"https:\/\/tvbrazilusa.com\/pt\/wp-json\/wp\/v2\/media?parent=38129"}],"wp:term":[{"taxonomy":"category","embeddable":true,"href":"https:\/\/tvbrazilusa.com\/pt\/wp-json\/wp\/v2\/categories?post=38129"},{"taxonomy":"post_tag","embeddable":true,"href":"https:\/\/tvbrazilusa.com\/pt\/wp-json\/wp\/v2\/tags?post=38129"}],"curies":[{"name":"wp","href":"https:\/\/api.w.org\/{rel}","templated":true}]}}