{"id":38148,"date":"2024-09-17T00:30:13","date_gmt":"2024-09-17T00:30:13","guid":{"rendered":"https:\/\/tvbrazilusa.com\/2024\/09\/17\/lula-critica-a-falta-de-representatividade-negra-na-posse-de-um-ministro-em-tribunal-chamando-a-de\/"},"modified":"2024-09-17T00:30:13","modified_gmt":"2024-09-17T00:30:13","slug":"lula-critica-a-falta-de-representatividade-negra-na-posse-de-um-ministro-em-tribunal-chamando-a-de","status":"publish","type":"post","link":"https:\/\/tvbrazilusa.com\/pt\/2024\/09\/17\/lula-critica-a-falta-de-representatividade-negra-na-posse-de-um-ministro-em-tribunal-chamando-a-de\/","title":{"rendered":"Lula critica a falta de representatividade negra na posse de um ministro em tribunal, chamando-a de"},"content":{"rendered":"<p> <script async src=\"https:\/\/pagead2.googlesyndication.com\/pagead\/js\/adsbygoogle.js?client=ca-pub-8864793242727901\"\r\n     crossorigin=\"anonymous\"><\/script><br \/>\n<\/p>\n<div id=\"taboola-read-more\" style=\"display:block; width:100%\">\n<p class=\"dark:base-text-neutral-high-400 base-text-[calc(theme(fontSize.xs)_*_var(--font-size,_1))] base-font-normal base-font-primary base-text-neutral-low-500 base-text-left\"><span class=\"b-article-body__text\">O presidente Luiz In\u00e1cio Lula da Silva (PT) criticou a aus\u00eancia de negros durante a posse de um ministro de um tribunal brasileiro. A cr\u00edtica foi feita nesta segunda-feira (16), na formatura de alunos do Instituto Rio Branco, em agenda no Itamaraty.<\/span><\/p>\n<p class=\"dark:base-text-neutral-high-400 base-text-[calc(theme(fontSize.xs)_*_var(--font-size,_1))] base-font-normal base-font-primary base-text-neutral-low-500 base-text-left\">\u00a0<\/p>\n<p class=\"dark:base-text-neutral-high-400 base-text-[calc(theme(fontSize.xs)_*_var(--font-size,_1))] base-font-normal base-font-primary base-text-neutral-low-500 base-text-left\"><span class=\"b-article-body__text\">\u201cN\u00e3o podem esquecer que voc\u00eas ser\u00e3o representantes de um pa\u00eds que tem um povo mega diverso. Voc\u00eas n\u00e3o imaginam o orgulho que eu tenho de saber que essa turma \u00e9 a turma que tem mais mulher e a turma que tem mais gente negra. \u00c9 uma coisa extraordin\u00e1ria, porque assim a gente vai colocando o Brasil em todas as suas representa\u00e7\u00f5es\u201d, disse Lula no evento.<\/span><\/p>\n<p class=\"dark:base-text-neutral-high-400 base-text-[calc(theme(fontSize.xs)_*_var(--font-size,_1))] base-font-normal base-font-primary base-text-neutral-low-500 base-text-left\">\u00a0<\/p>\n<p class=\"dark:base-text-neutral-high-400 base-text-[calc(theme(fontSize.xs)_*_var(--font-size,_1))] base-font-normal base-font-primary base-text-neutral-low-500 base-text-left\"><span class=\"b-article-body__text\">\u201cEsses dias eu fui \u00e0 posse de um ministro, num tribunal, era uma supremacia branca que n\u00e3o tem nada a ver com a realidade brasileira. N\u00e3o tem nada a ver. Eu dizia que n\u00e3o vi nenhum aluno no ProUni naquela posse, nenhum aluno do Fies naquela posse. Parecia que era outro mundo. Ent\u00e3o quando eu venho aqui e vejo que o Brasil est\u00e1 representado na quest\u00e3o de g\u00eanero, na quest\u00e3o racial, eu fico com orgulho. Com orgulho porque o Itamaraty \u00e9 um centro de refer\u00eancia\u201d, completou o petista.<\/span><\/p>\n<p class=\"dark:base-text-neutral-high-400 base-text-[calc(theme(fontSize.xs)_*_var(--font-size,_1))] base-font-normal base-font-primary base-text-neutral-low-500 base-text-left\">\u00a0<\/p>\n<p class=\"dark:base-text-neutral-high-400 base-text-[calc(theme(fontSize.xs)_*_var(--font-size,_1))] base-font-normal base-font-primary base-text-neutral-low-500 base-text-left\"><span class=\"b-article-body__text\">Em seu discurso, Lula n\u00e3o citou especificamente de qual cerim\u00f4nia de posse estava tratando, mas, de acordo com a agenda presidencial, o \u00faltimo compromisso do tipo ocorreu em 3 de setembro. Na ocasi\u00e3o, o ministro Mauro Campbell tomou posse como corregedor nacional de Justi\u00e7a, no Conselho Nacional da Justi\u00e7a, em Bras\u00edlia.<\/span><\/p>\n<p class=\"dark:base-text-neutral-high-400 base-text-[calc(theme(fontSize.xs)_*_var(--font-size,_1))] base-font-normal base-font-primary base-text-neutral-low-500 base-text-left\">\u00a0<\/p>\n<p class=\"dark:base-text-neutral-high-400 base-text-[calc(theme(fontSize.xs)_*_var(--font-size,_1))] base-font-normal base-font-primary base-text-neutral-low-500 base-text-left\"><span class=\"b-article-body__text\">Ainda durante a agenda, Lula voltou a dizer que o Brasil n\u00e3o quer guerra com nenhum outro pa\u00eds e defendeu as rela\u00e7\u00f5es com Venezuela, China e Estados Unidos, por exemplo. \u201cO Brasil quer estar com a China, com a \u00cdndia, EUA, Venezuela, Argentina, o Brasil quer estar com todo mundo, de forma soberana, respeit\u00e1vel, porque n\u00f3s n\u00e3o aceitamos ser menor do que ningu\u00e9m\u201d, disse o presidente.<\/span><\/p>\n<p class=\"dark:base-text-neutral-high-400 base-text-[calc(theme(fontSize.xs)_*_var(--font-size,_1))] base-font-normal base-font-primary base-text-neutral-low-500 base-text-left\">\u00a0<\/p>\n<p class=\"dark:base-text-neutral-high-400 base-text-[calc(theme(fontSize.xs)_*_var(--font-size,_1))] base-font-normal base-font-primary base-text-neutral-low-500 base-text-left\"><span class=\"b-article-body__text\">Lula ainda destacou que \u00e9 importante o Brasil n\u00e3o participar de guerra: \u201cAqueles que querem conversar conosco agora poderiam ter conversado conosco antes de come\u00e7ar a guerra. Por isso, repudiamos o massacre contra mulheres e crian\u00e7as na Palestina, da mesma forma que repudiamos o terrorismo do Hamas\u201d.<\/span><\/p>\n<p class=\"dark:base-text-neutral-high-400 base-text-[calc(theme(fontSize.xs)_*_var(--font-size,_1))] base-font-normal base-font-primary base-text-neutral-low-500 base-text-left\"><strong><span class=\"b-article-body__text\">Gazeta Brasil\u00a0<\/span><\/strong><\/p>\n<\/p><\/div>\n<p><br \/>\n<br \/><a href=\"https:\/\/diariodobrasilnoticias.com.br\/noticia\/lula-critica-a-falta-de-representatividade-negra-na-posse-de-um-ministro-em-tribunal-chamando-a-de-supremacia-branca-66e8a2c8206be\">Source link <\/a><\/p>","protected":false},"excerpt":{"rendered":"<p>O presidente Luiz In\u00e1cio Lula da Silva (PT) criticou a aus\u00eancia de negros durante a posse de um ministro de um tribunal brasileiro. A cr\u00edtica foi feita nesta segunda-feira (16),&hellip;<\/p>","protected":false},"author":1,"featured_media":38149,"comment_status":"closed","ping_status":"open","sticky":false,"template":"","format":"standard","meta":{"content-type":"","footnotes":""},"categories":[16],"tags":[123,2448,5313,1267],"class_list":["post-38148","post","type-post","status-publish","format-standard","has-post-thumbnail","hentry","category-noticias","tag-brasil","tag-diario","tag-noticia","tag-noticias"],"_links":{"self":[{"href":"https:\/\/tvbrazilusa.com\/pt\/wp-json\/wp\/v2\/posts\/38148","targetHints":{"allow":["GET"]}}],"collection":[{"href":"https:\/\/tvbrazilusa.com\/pt\/wp-json\/wp\/v2\/posts"}],"about":[{"href":"https:\/\/tvbrazilusa.com\/pt\/wp-json\/wp\/v2\/types\/post"}],"author":[{"embeddable":true,"href":"https:\/\/tvbrazilusa.com\/pt\/wp-json\/wp\/v2\/users\/1"}],"replies":[{"embeddable":true,"href":"https:\/\/tvbrazilusa.com\/pt\/wp-json\/wp\/v2\/comments?post=38148"}],"version-history":[{"count":1,"href":"https:\/\/tvbrazilusa.com\/pt\/wp-json\/wp\/v2\/posts\/38148\/revisions"}],"predecessor-version":[{"id":38150,"href":"https:\/\/tvbrazilusa.com\/pt\/wp-json\/wp\/v2\/posts\/38148\/revisions\/38150"}],"wp:featuredmedia":[{"embeddable":true,"href":"https:\/\/tvbrazilusa.com\/pt\/wp-json\/wp\/v2\/media\/38149"}],"wp:attachment":[{"href":"https:\/\/tvbrazilusa.com\/pt\/wp-json\/wp\/v2\/media?parent=38148"}],"wp:term":[{"taxonomy":"category","embeddable":true,"href":"https:\/\/tvbrazilusa.com\/pt\/wp-json\/wp\/v2\/categories?post=38148"},{"taxonomy":"post_tag","embeddable":true,"href":"https:\/\/tvbrazilusa.com\/pt\/wp-json\/wp\/v2\/tags?post=38148"}],"curies":[{"name":"wp","href":"https:\/\/api.w.org\/{rel}","templated":true}]}}