{"id":38156,"date":"2024-09-17T00:42:52","date_gmt":"2024-09-17T00:42:52","guid":{"rendered":"https:\/\/tvbrazilusa.com\/2024\/09\/17\/cortes-de-pablo-marcal-apos-a-cadeirada-de-datena-atingem-80-milhoes-de-visualizacoes\/"},"modified":"2024-09-17T00:42:53","modified_gmt":"2024-09-17T00:42:53","slug":"cortes-de-pablo-marcal-apos-a-cadeirada-de-datena-atingem-80-milhoes-de-visualizacoes","status":"publish","type":"post","link":"https:\/\/tvbrazilusa.com\/pt\/2024\/09\/17\/cortes-de-pablo-marcal-apos-a-cadeirada-de-datena-atingem-80-milhoes-de-visualizacoes\/","title":{"rendered":"Cortes de Pablo Mar\u00e7al ap\u00f3s a cadeirada de Datena atingem 80 milh\u00f5es de visualiza\u00e7\u00f5es"},"content":{"rendered":"<p> <script async src=\"https:\/\/pagead2.googlesyndication.com\/pagead\/js\/adsbygoogle.js?client=ca-pub-8864793242727901\"\r\n     crossorigin=\"anonymous\"><\/script><br \/>\n<\/p>\n<div id=\"taboola-read-more\" style=\"display:block; width:100%\">\n<p>Os v\u00eddeos publicados na conta do Instagram de Pablo Mar\u00e7al (PRTB) ap\u00f3s a cadeirada de Datena contra o empres\u00e1rio durante o debate na TV Cultura, no \u00faltimo domingo (15), acumularam 80 milh\u00f5es de visualiza\u00e7\u00f5es em apenas 12 horas.<\/p>\n<p>Esses n\u00fameros superam em 20 vezes o alcance do pr\u00f3prio debate, que, at\u00e9 o meio-dia desta segunda-feira (16), havia registrado pelo menos de 4 milh\u00f5es de visualiza\u00e7\u00f5es no YouTube.<\/p>\n<p>O 1\u00ba v\u00eddeo publicado por Mar\u00e7al atingiu mais de 2 milh\u00f5es de visualiza\u00e7\u00f5es em menos de 30 minutos. Ao 12h, o corte intitulado como<em>\u00a0\u201cDatena perde o controle e me agride ao vivo\u201d<\/em>, que mostra o momento da agress\u00e3o, estava pr\u00f3ximo de alcan\u00e7ar 18 milh\u00f5es de visualiza\u00e7\u00f5es. Este foi o 1\u00ba de 17 v\u00eddeos produzidos para as redes sociais.<\/p>\n<p>Entre os conte\u00fados divulgados, destacam-se compara\u00e7\u00f5es do ataque a Mar\u00e7al com a facada em Bolsonaro e o atentado a tiros contra Donald Trump, al\u00e9m de um v\u00eddeo gravado no celular que mostra o trajeto da ambul\u00e2ncia do Teatro B32, na zona sul, at\u00e9 o hospital S\u00edrio-Liban\u00eas, na regi\u00e3o central de S\u00e3o Paulo (SP).<\/p>\n<p><strong>Gazeta Brasil\u00a0<\/strong><\/p>\n<\/p><\/div>\n<p><br \/>\n<br \/><a href=\"https:\/\/diariodobrasilnoticias.com.br\/noticia\/cortes-de-pablo-marcal-apos-a-cadeirada-de-datena-atingem-80-milhoes-de-visualizacoes-66e8a224287f5\">Source link <\/a><\/p>","protected":false},"excerpt":{"rendered":"<p>Os v\u00eddeos publicados na conta do Instagram de Pablo Mar\u00e7al (PRTB) ap\u00f3s a cadeirada de Datena contra o empres\u00e1rio durante o debate na TV Cultura, no \u00faltimo domingo (15), acumularam&hellip;<\/p>","protected":false},"author":1,"featured_media":38157,"comment_status":"closed","ping_status":"open","sticky":false,"template":"","format":"standard","meta":{"content-type":"","footnotes":""},"categories":[16],"tags":[123,2448,5313,1267],"class_list":["post-38156","post","type-post","status-publish","format-standard","has-post-thumbnail","hentry","category-noticias","tag-brasil","tag-diario","tag-noticia","tag-noticias"],"_links":{"self":[{"href":"https:\/\/tvbrazilusa.com\/pt\/wp-json\/wp\/v2\/posts\/38156","targetHints":{"allow":["GET"]}}],"collection":[{"href":"https:\/\/tvbrazilusa.com\/pt\/wp-json\/wp\/v2\/posts"}],"about":[{"href":"https:\/\/tvbrazilusa.com\/pt\/wp-json\/wp\/v2\/types\/post"}],"author":[{"embeddable":true,"href":"https:\/\/tvbrazilusa.com\/pt\/wp-json\/wp\/v2\/users\/1"}],"replies":[{"embeddable":true,"href":"https:\/\/tvbrazilusa.com\/pt\/wp-json\/wp\/v2\/comments?post=38156"}],"version-history":[{"count":1,"href":"https:\/\/tvbrazilusa.com\/pt\/wp-json\/wp\/v2\/posts\/38156\/revisions"}],"predecessor-version":[{"id":38158,"href":"https:\/\/tvbrazilusa.com\/pt\/wp-json\/wp\/v2\/posts\/38156\/revisions\/38158"}],"wp:featuredmedia":[{"embeddable":true,"href":"https:\/\/tvbrazilusa.com\/pt\/wp-json\/wp\/v2\/media\/38157"}],"wp:attachment":[{"href":"https:\/\/tvbrazilusa.com\/pt\/wp-json\/wp\/v2\/media?parent=38156"}],"wp:term":[{"taxonomy":"category","embeddable":true,"href":"https:\/\/tvbrazilusa.com\/pt\/wp-json\/wp\/v2\/categories?post=38156"},{"taxonomy":"post_tag","embeddable":true,"href":"https:\/\/tvbrazilusa.com\/pt\/wp-json\/wp\/v2\/tags?post=38156"}],"curies":[{"name":"wp","href":"https:\/\/api.w.org\/{rel}","templated":true}]}}