{"id":38196,"date":"2024-09-17T02:39:47","date_gmt":"2024-09-17T02:39:47","guid":{"rendered":"https:\/\/tvbrazilusa.com\/2024\/09\/17\/brasil-e-eua-devem-se-aliar-contra-agenda-climatica-europeia-protecionista-defende-ex-omc-paulo-figueiredo\/"},"modified":"2024-09-17T02:42:56","modified_gmt":"2024-09-17T02:42:56","slug":"brasil-e-eua-devem-se-aliar-contra-agenda-climatica-europeia-protecionista-defende-ex-omc-paulo-figueiredo","status":"publish","type":"post","link":"https:\/\/tvbrazilusa.com\/pt\/2024\/09\/17\/brasil-e-eua-devem-se-aliar-contra-agenda-climatica-europeia-protecionista-defende-ex-omc-paulo-figueiredo\/","title":{"rendered":"Brasil e EUA devem se aliar contra agenda clim\u00e1tica europeia protecionista, defende ex-OMC &#8211; Paulo Figueiredo"},"content":{"rendered":"<p> <script async src=\"https:\/\/pagead2.googlesyndication.com\/pagead\/js\/adsbygoogle.js?client=ca-pub-8864793242727901\"\r\n     crossorigin=\"anonymous\"><\/script><br \/>\n<\/p>\n<div id=\"wtr-content\" data-bg=\"#FFFFFF\" data-fg=\"#006d91\" data-width=\"25\" data-mute=\"1\" data-fgopacity=\"1.00\" data-mutedopacity=\"0.5\" data-placement=\"bottom\" data-placement-offset=\"0\" data-content-offset=\"262\" data-placement-touch=\"bottom\" data-placement-offset-touch=\"0\" data-transparent=\"\" data-shadow=\"0\" data-touch=\"1\" data-non-touch=\"1\" data-comments=\"0\" data-commentsbg=\"transparent\" data-location=\"page\" data-mutedfg=\"#006d91\" data-endfg=\"#006d91\" data-rtl=\"\">\n<h3 class=\"wp-block-heading\">Para Roberto Azev\u00eado, ex-diretor geral da OMC, Brasil e EUA devem se unir contra vi\u00e9s protecionista da agenda clim\u00e1tica europeia.<\/h3>\n<p>A agenda clim\u00e1tica ambiental \u00e9 o atual substituto das barreiras tarif\u00e1rias, sanit\u00e1rias e fitossanit\u00e1rias que durante d\u00e9cadas criaram obst\u00e1culos ao com\u00e9rcio internacional. Com a diferen\u00e7a de que essa nova agenda n\u00e3o tem regra alguma sobre o que um governo pode ou n\u00e3o adotar no enfrentamento \u00e0s mudan\u00e7as clim\u00e1ticas e na preserva\u00e7\u00e3o do meio ambiente.<\/p>\n<p>A avalia\u00e7\u00e3o \u00e9 do diplomata Roberto Azev\u00eado, que comandou a\u00a0Organiza\u00e7\u00e3o Mundial do Com\u00e9rcio (OMC)\u00a0por dois mandatos consecutivos (de 2013 a 2020), esteve por tr\u00eas anos na vice-presid\u00eancia mundial da Pepsico e atualmente \u00e9 s\u00f3cio da gestora de capital Yvy, que tem entre os fundadores o ex-ministro da Fazenda Paulo Guedes.<\/p>\n<p>Uma das faces desse novo protecionismo est\u00e1 na\u00a0Lei Antidesmatamento (EUDR) da Uni\u00e3o Europeia,\u00a0programada para vigorar ao fim deste ano e que exigir\u00e1 das empresas a comprova\u00e7\u00e3o de que seus produtos n\u00e3o v\u00eam de \u00e1reas desmatadas depois de dezembro de 2020. Inicialmente, os protocolos se aplicar\u00e3o \u00e0 soja, carne bovina, \u00f3leo de palma, madeira, cacau, caf\u00e9 e borracha. \u00c0 exce\u00e7\u00e3o da palma, o Brasil \u00e9 um dos principais fornecedores globais de todas as cadeias afetadas.<\/p>\n<h3 class=\"wp-block-heading\">Tens\u00e3o entre pa\u00edses produtores e importadores de alimentos<\/h3>\n<p>\u201cO com\u00e9rcio agr\u00edcola internacional sempre sofreu uma tens\u00e3o muito clara entre os pa\u00edses produtores e exportadores e os pa\u00edses que s\u00e3o importadores l\u00edquidos de alimentos. O cen\u00e1rio ideal para os importadores sempre foi e sempre ser\u00e1 a possibilidade de manter o com\u00e9rcio administrado. Ele quer importar quando precisa, a pre\u00e7os bons e baixos. E n\u00e3o importar, beneficiando o produtor dom\u00e9stico, quando n\u00e3o precisa do alimento, quando est\u00e1 com o abastecimento satisfat\u00f3rio. Isso vem ao longo de d\u00e9cadas\u201d, diz Azev\u00eado, que foi palestrante convidado do\u00a0Congresso Brasileiro do Agroneg\u00f3cio\u00a0realizado em agosto, em S\u00e3o Paulo, e que conversou com a reportagem da\u00a0<strong>Gazeta do Povo<\/strong>.<\/p>\n<p>Para Azev\u00eado, esse ambiente protecionista exige que o Brasil fa\u00e7a muito mais do que apenas esfor\u00e7os para melhorar sua imagem ou investir em propaganda. \u201cPrecisamos ser mais ambiciosos, precisamos partir para a ofensiva. N\u00e3o \u00e9 apontando o dedo para os outros, mas tendo coer\u00eancia de narrativa, um plano de a\u00e7\u00e3o comum\u201d, afirma. Al\u00e9m de afinar o discurso internamente, entre os atores do setor privado e o governo, a segunda tarefa de casa envolve \u201cn\u00e3o falar sozinho\u201d na arena internacional.<\/p>\n<p>\u201cEssas a\u00e7\u00f5es da Europa n\u00e3o fazem sentido em outras partes do mundo. Estamos na terceira safra [anual] e eles ainda est\u00e3o brigando pela primeira. Somos uma realidade completamente diferente, uma agricultura tropical que n\u00e3o obedece \u00e0s m\u00e9tricas da agricultura temperada\u201d, pontua. Roberto Azev\u00eado defende que o Brasil trabalhe em prol de uma coaliz\u00e3o que \u201cleve essa narrativa para a prateleira de cima do debate internacional\u201d. Um aliado natural, em muitos aspectos, seriam os Estados Unidos.<\/p>\n<h3 class=\"wp-block-heading\">EUA se ressentem das mesmas arbitrariedades<\/h3>\n<p>\u201cH\u00e1 tens\u00f5es, sobretudo no setor governamental dos EUA. Mas no setor privado, h\u00e1 receptividade muito grande, porque eles sentem a mesma coisa. O mesmo problema de imprevisibilidade, de arbitrariedade nas regras internacionais que est\u00e3o sendo colocadas, impostas por pol\u00edticas p\u00fablicas que tampouco fazem sentido nos EUA\u201d, argumenta. O diplomata defende que a\u00a0COP30, no ano que vem, em Bel\u00e9m do Par\u00e1, ser\u00e1 a oportunidade para colocar no papel esse realinhamento com pa\u00edses produtores de alimentos.<\/p>\n<p>\u201c\u00c9 um momento que n\u00e3o dever\u00edamos desperdi\u00e7ar. De colocar em xeque uma narrativa do hemisf\u00e9rio Norte que n\u00e3o \u00e9 condizente com o global. Quanto mais pessoas l\u00edderes e competentes do setor [agro] pensando nisso, melhores n\u00f3s estaremos\u201d, destaca. \u201cO Brasil n\u00e3o pode se dar ao luxo de esperar por uma nova ordem. N\u00f3s temos que tentar construir esta nova ordem o tempo todo. No meio da turbul\u00eancia, tem muita oportunidade. Em qualquer negocia\u00e7\u00e3o em que h\u00e1 mais de dois, sempre tem espa\u00e7o para explorar as diverg\u00eancias e encontrar coisas comuns.\u201d<\/p>\n<p>Morando em Nova York, de onde identifica tend\u00eancias regulat\u00f3rias e acompanha as mudan\u00e7as nas pol\u00edticas p\u00fablicas internacionais, Azev\u00eado entende que o momento \u00e9 prop\u00edcio para cria\u00e7\u00e3o de novas alian\u00e7as: \u201cAs alian\u00e7as no Sul s\u00e3o muito \u00f3bvias. O Mercosul, o continente africano, que obviamente \u00e9 aliado nosso. Os pr\u00f3prios Estados Unidos, um dos grandes produtores mundiais de alimentos, t\u00eam as mesmas preocupa\u00e7\u00f5es que n\u00f3s temos. Eles tamb\u00e9m veem o Brasil como competidor, \u00e9 natural. Mas querem um campo de jogo para competir com igualdade, evitando a arbitrariedade e a discrimina\u00e7\u00e3o, que eles tamb\u00e9m sofrem\u201d.<\/p>\n<h3 class=\"wp-block-heading\">Saber explorar as diverg\u00eancias<\/h3>\n<p>\u201cSe trago o Brasil, a Am\u00e9rica Latina, parte do continente asi\u00e1tico, a \u00c1frica, os Estados Unidos\u2026 o setor agr\u00edcola passa a ser visto como uma das solu\u00e7\u00f5es. O mundo desenvolvido n\u00e3o \u00e9 uma entidade monol\u00edtica, voc\u00ea tem que explorar essas diverg\u00eancias\u201d, insiste, com a expertise de quem liderou por quase uma d\u00e9cada o maior f\u00f3rum de disputas comerciais entre pa\u00edses.<\/p>\n<p>Azev\u00eado enfatiza que a OMC, que atualmente est\u00e1 com a c\u00e2mara de arbitragens de conflitos paralisada, passou a maior parte de sua exist\u00eancia, do p\u00f3s-guerra, em 1947, at\u00e9 1995, sem regras para a agricultura. \u201cQuem trouxe a agricultura para dentro do sistema? Foram os EUA. N\u00e3o fomos n\u00f3s nem a \u00c1frica\u201d, aponta.<\/p>\n<p>\u201cA maior preocupa\u00e7\u00e3o de meus interlocutores [\u00e0 \u00e9poca da OMC] era a agricultura brasileira. Era a preocupa\u00e7\u00e3o n\u00famero um. Voc\u00eas v\u00e3o querer acesso \u00e0 minha agricultura? Ah, isso vai dificultar muito\u201d, relata.<\/p>\n<p>A competitividade brasileira, assim, acaba fazendo que os mecanismos de prote\u00e7\u00e3o agr\u00edcola se proliferem e vistam roupagem da agenda clim\u00e1tica e ambiental. \u201cN\u00e3o \u00e9 \u00e0 toa que o antidesmatamento ganha a proje\u00e7\u00e3o que tem. O Brasil \u00e9 um foco desse lado protecionista dessa agenda clim\u00e1tica e ambiental. \u00c9 muito dif\u00edcil quando voc\u00ea \u00e9 alvo de uma a\u00e7\u00e3o que n\u00e3o \u00e9 acidental. Ela \u00e9 claramente muito bem desenhada para que isso aconte\u00e7a\u201d, descreve.<\/p>\n<p>Atuando como consultor da\u00a0Associa\u00e7\u00e3o Brasileira do Agroneg\u00f3cio (Abag), Roberto Azev\u00eado diz que o setor produtivo entendeu que a agenda clim\u00e1tica e ambiental n\u00e3o \u00e9 uma moda passageira, ou algo que possa mudar conforme a ascens\u00e3o e queda de partidos pol\u00edticos.<\/p>\n<h3 class=\"wp-block-heading\">Agenda ambiental n\u00e3o vai desaparecer<\/h3>\n<p>\u201cEssa agenda n\u00e3o vai sumir. Pode dar nuances diferentes, tonalidades diferentes, mas n\u00e3o tenho d\u00favida que vamos ter que nos adaptar \u00e0s mudan\u00e7as de tonalidade ao longo dos anos. As pessoas veem a elei\u00e7\u00e3o na Europa e dizem, ah, isso significa que a agenda clim\u00e1tica ambiental acabou. N\u00e3o, n\u00e3o acabou. Ah, mas vem o Trump nos Estados Unidos, ent\u00e3o acaba essa agenda. N\u00e3o vai ser o presidente Trump que vai mudar isso\u201d, assegura Azev\u00eado.<\/p>\n<p>\u201cAs grandes corpora\u00e7\u00f5es americanas j\u00e1 abra\u00e7aram essa agenda porque n\u00e3o veem alternativa. A realidade se imp\u00f5e. Trabalhei na Pepsico durante tr\u00eas anos. A empresa n\u00e3o estava fazendo o que fazia porque o governo estava pedindo, ou porque o marco regulat\u00f3rio demandava isso. Mas porque entendia que para sua pr\u00f3pria sobreviv\u00eancia, seja pol\u00edtica, econ\u00f4mica ou comercial, ela precisa abra\u00e7ar e agir de uma maneira muito proativa\u201d, argumenta.<\/p>\n<p>\u201c\u00c9 natural que a Europa procure fazer o seu modelo prevalecer mundialmente, at\u00e9 porque eles est\u00e3o na frente da curva. Eles come\u00e7aram a pensar nesse tema de maneira muito mais assertiva, eficaz, muito cedo. Muitos dos estudos que existem hoje foram feitos na Europa, por cientistas europeus, olhando as m\u00e9tricas e os sistemas produtivos europeus. Ent\u00e3o \u00e9 natural que isso aconte\u00e7a no primeiro momento\u201d, explica.<\/p>\n<h3 class=\"wp-block-heading\">Dialogar e propor outras m\u00e9tricas<\/h3>\n<p>\u201cAcho que o que a gente tem que procurar fazer, e n\u00e3o estou dizendo que n\u00e3o est\u00e1 sendo feito, \u00e9 procurar dialogar. Olha, isso que voc\u00eas est\u00e3o fazendo est\u00e1 muito bem, mas esse sistema, essas m\u00e9tricas, n\u00e3o funcionam em outros lugares. N\u00e3o funcionam em outras geografias. Vamos tentar chegar nos mesmos objetivos, mas vamos ver qual caminho cada um tem que percorrer para chegar l\u00e1\u201d, afirma o diplomata.<\/p>\n<p>\u201cSe conseguirmos abrir espa\u00e7o para esse tipo de conversa, facilita muito a nossa capacidade de demonstrar o quanto que o pa\u00eds, o agroneg\u00f3cio brasileiro, pode contribuir no combate \u00e0s mudan\u00e7as clim\u00e1ticas e na preserva\u00e7\u00e3o do meio ambiente\u201d, enfatiza.<\/p>\n<p>Perguntado se v\u00ea o governo federal atento a essas quest\u00f5es no planejamento da CPO30, Azev\u00eado \u00e9 diplom\u00e1tico. \u201cAcho que est\u00e1 muito consciente de todas as oportunidades e riscos que a visibilidade desse evento vai proporcionar. N\u00e3o sou eu que vou dizer o que deve ou n\u00e3o deve ser feito. Mas tenho certeza de que est\u00e3o conscientes disso\u201d, conclui.<br \/><em>*O jornalista participou do Congresso Brasileiro do Agroneg\u00f3cio (CBA) a convite dos organizadores.<\/em><\/p>\n<p><strong><a href=\"https:\/\/www.gazetadopovo.com.br\/agronegocio\/roberto-azevedo-aponta-agenda-climatica-europeia-com-vies-protecionista\/\">Source link<\/a><\/strong><\/p>\n<\/div>\n<p><br \/>\n<br \/><a href=\"https:\/\/paulofigueiredoshow.com\/brasil-e-eua-devem-se-aliar-contra-agenda-climatica-europeia-protecionista-defende-ex-omc\/\">Source link <\/a><\/p>","protected":false},"excerpt":{"rendered":"<p>Para Roberto Azev\u00eado, ex-diretor geral da OMC, Brasil e EUA devem se unir contra vi\u00e9s protecionista da agenda clim\u00e1tica europeia. A agenda clim\u00e1tica ambiental \u00e9 o atual substituto das barreiras&hellip;<\/p>","protected":false},"author":1,"featured_media":38197,"comment_status":"closed","ping_status":"open","sticky":false,"template":"","format":"standard","meta":{"content-type":"","footnotes":""},"categories":[16],"tags":[20585,123,20586,20587,592,5131,20588,3188],"class_list":["post-38196","post","type-post","status-publish","format-standard","has-post-thumbnail","hentry","category-noticias","tag-alientos","tag-brasil","tag-cop30","tag-divergencias","tag-eua","tag-europa","tag-omc","tag-producao"],"_links":{"self":[{"href":"https:\/\/tvbrazilusa.com\/pt\/wp-json\/wp\/v2\/posts\/38196","targetHints":{"allow":["GET"]}}],"collection":[{"href":"https:\/\/tvbrazilusa.com\/pt\/wp-json\/wp\/v2\/posts"}],"about":[{"href":"https:\/\/tvbrazilusa.com\/pt\/wp-json\/wp\/v2\/types\/post"}],"author":[{"embeddable":true,"href":"https:\/\/tvbrazilusa.com\/pt\/wp-json\/wp\/v2\/users\/1"}],"replies":[{"embeddable":true,"href":"https:\/\/tvbrazilusa.com\/pt\/wp-json\/wp\/v2\/comments?post=38196"}],"version-history":[{"count":1,"href":"https:\/\/tvbrazilusa.com\/pt\/wp-json\/wp\/v2\/posts\/38196\/revisions"}],"predecessor-version":[{"id":38198,"href":"https:\/\/tvbrazilusa.com\/pt\/wp-json\/wp\/v2\/posts\/38196\/revisions\/38198"}],"wp:featuredmedia":[{"embeddable":true,"href":"https:\/\/tvbrazilusa.com\/pt\/wp-json\/wp\/v2\/media\/38197"}],"wp:attachment":[{"href":"https:\/\/tvbrazilusa.com\/pt\/wp-json\/wp\/v2\/media?parent=38196"}],"wp:term":[{"taxonomy":"category","embeddable":true,"href":"https:\/\/tvbrazilusa.com\/pt\/wp-json\/wp\/v2\/categories?post=38196"},{"taxonomy":"post_tag","embeddable":true,"href":"https:\/\/tvbrazilusa.com\/pt\/wp-json\/wp\/v2\/tags?post=38196"}],"curies":[{"name":"wp","href":"https:\/\/api.w.org\/{rel}","templated":true}]}}