{"id":3821,"date":"2024-07-19T11:35:00","date_gmt":"2024-07-19T11:35:00","guid":{"rendered":"https:\/\/tvbrazilusa.com\/2024\/07\/19\/mendonca-restabelece-norma-do-tse-sobre-federacoes-paulo-figueiredo\/"},"modified":"2024-07-19T13:17:16","modified_gmt":"2024-07-19T13:17:16","slug":"mendonca-restabelece-norma-do-tse-sobre-federacoes-paulo-figueiredo","status":"publish","type":"post","link":"https:\/\/tvbrazilusa.com\/pt\/2024\/07\/19\/mendonca-restabelece-norma-do-tse-sobre-federacoes-paulo-figueiredo\/","title":{"rendered":"Mendon\u00e7a restabelece norma do TSE sobre federa\u00e7\u00f5es &#8211; Paulo Figueiredo"},"content":{"rendered":"<p> <script async src=\"https:\/\/pagead2.googlesyndication.com\/pagead\/js\/adsbygoogle.js?client=ca-pub-8864793242727901\"\r\n     crossorigin=\"anonymous\"><\/script><br \/>\n<\/p>\n<div id=\"wtr-content\" data-bg=\"#FFFFFF\" data-fg=\"#006d91\" data-width=\"25\" data-mute=\"1\" data-fgopacity=\"1.00\" data-mutedopacity=\"0.5\" data-placement=\"bottom\" data-placement-offset=\"0\" data-content-offset=\"262\" data-placement-touch=\"bottom\" data-placement-offset-touch=\"0\" data-transparent=\"\" data-shadow=\"0\" data-touch=\"1\" data-non-touch=\"1\" data-comments=\"0\" data-commentsbg=\"transparent\" data-location=\"page\" data-mutedfg=\"#006d91\" data-endfg=\"#006d91\" data-rtl=\"\">\n<pre class=\"wp-block-preformatted has-small-font-size\">Foto - Rosinei Coutinho\/SCO\/STF<\/pre>\n<h3 class=\"wp-block-heading\">Regra do TSE que impede federa\u00e7\u00e3o de participar das elei\u00e7\u00f5es se um de seus partidos n\u00e3o tiver prestado contas anuais voltou a valer.<\/h3>\n<p>O ministro do Supremo Tribunal Federal (STF) Andr\u00e9 Mendon\u00e7a reconsiderou a pr\u00f3pria decis\u00e3o e restabeleceu a norma do Tribunal Superior Eleitoral (TSE) sobre a participa\u00e7\u00e3o de federa\u00e7\u00f5es partid\u00e1rias nas elei\u00e7\u00f5es.<\/p>\n<p>No m\u00eas passado, o magistrado\u00a0suspendeu a regra\u00a0que impede uma federa\u00e7\u00e3o de participar do pleito se um de seus partidos n\u00e3o tiver prestado contas anuais. Com a nova decis\u00e3o, a puni\u00e7\u00e3o volta a valer.<\/p>\n<p>Mendon\u00e7a havia concedido uma liminar em uma a\u00e7\u00e3o movida pelo PV, PSDB, PCdoB, PT, Psol, Cidadania e Rede. Os partidos apresentaram uma A\u00e7\u00e3o Direta de Inconstitucionalidade (ADI 7620) contra o dispositivo do TSE.<\/p>\n<p>Na decis\u00e3o desta quinta-feira (18), o ministro esclareceu que foi informado pela assessoria consultiva do TSE sobre a \u201cdificuldade intranspon\u00edvel de se individualizar o partido federado, sem que haja tempo h\u00e1bil para a altera\u00e7\u00e3o nos sistemas\u201d.<\/p>\n<p>\u201cDessa maneira possibilita-se que as substanciais e complexas altera\u00e7\u00f5es cuja necessidade somente neste momento se apontou sejam promovidas com o planejamento e a seguran\u00e7a devidos\u201d, disse Mendon\u00e7a.<\/p>\n<p>\u201cAnte tais raz\u00f5es, ao reapreciar a medida cautelar \u00e0 luz dos novos elementos colacionados aos autos na presente data, por considerar superado um de seus requisitos, decido pelo seu indeferimento\u201d, acrescentou.<\/p>\n<p><a href=\"https:\/\/www.gazetadopovo.com.br\/republica\/mendonca-volta-atras-e-restabelece-norma-do-tse-que-preve-punicao-a-federacoes\/\">Source link<\/a><\/p>\n<\/div>\n<p><br \/>\n<br \/><a href=\"https:\/\/paulofigueiredoshow.com\/mendonca-restabelece-norma-do-tse-sobre-federacoes\/\">Source link <\/a><\/p>","protected":false},"excerpt":{"rendered":"<p>Foto &#8211; Rosinei Coutinho\/SCO\/STF Regra do TSE que impede federa\u00e7\u00e3o de participar das elei\u00e7\u00f5es se um de seus partidos n\u00e3o tiver prestado contas anuais voltou a valer. O ministro do&hellip;<\/p>","protected":false},"author":1,"featured_media":3822,"comment_status":"closed","ping_status":"open","sticky":false,"template":"","format":"standard","meta":{"content-type":"","footnotes":""},"categories":[16],"tags":[],"class_list":["post-3821","post","type-post","status-publish","format-standard","has-post-thumbnail","hentry","category-noticias"],"_links":{"self":[{"href":"https:\/\/tvbrazilusa.com\/pt\/wp-json\/wp\/v2\/posts\/3821","targetHints":{"allow":["GET"]}}],"collection":[{"href":"https:\/\/tvbrazilusa.com\/pt\/wp-json\/wp\/v2\/posts"}],"about":[{"href":"https:\/\/tvbrazilusa.com\/pt\/wp-json\/wp\/v2\/types\/post"}],"author":[{"embeddable":true,"href":"https:\/\/tvbrazilusa.com\/pt\/wp-json\/wp\/v2\/users\/1"}],"replies":[{"embeddable":true,"href":"https:\/\/tvbrazilusa.com\/pt\/wp-json\/wp\/v2\/comments?post=3821"}],"version-history":[{"count":1,"href":"https:\/\/tvbrazilusa.com\/pt\/wp-json\/wp\/v2\/posts\/3821\/revisions"}],"predecessor-version":[{"id":3823,"href":"https:\/\/tvbrazilusa.com\/pt\/wp-json\/wp\/v2\/posts\/3821\/revisions\/3823"}],"wp:featuredmedia":[{"embeddable":true,"href":"https:\/\/tvbrazilusa.com\/pt\/wp-json\/wp\/v2\/media\/3822"}],"wp:attachment":[{"href":"https:\/\/tvbrazilusa.com\/pt\/wp-json\/wp\/v2\/media?parent=3821"}],"wp:term":[{"taxonomy":"category","embeddable":true,"href":"https:\/\/tvbrazilusa.com\/pt\/wp-json\/wp\/v2\/categories?post=3821"},{"taxonomy":"post_tag","embeddable":true,"href":"https:\/\/tvbrazilusa.com\/pt\/wp-json\/wp\/v2\/tags?post=3821"}],"curies":[{"name":"wp","href":"https:\/\/api.w.org\/{rel}","templated":true}]}}