{"id":38211,"date":"2024-09-17T03:17:19","date_gmt":"2024-09-17T03:17:19","guid":{"rendered":"https:\/\/tvbrazilusa.com\/2024\/09\/17\/um-mes-apos-a-morte-de-silvio-santos-o-sbt-realiza-demissoes-em-massa\/"},"modified":"2024-09-17T03:17:20","modified_gmt":"2024-09-17T03:17:20","slug":"um-mes-apos-a-morte-de-silvio-santos-o-sbt-realiza-demissoes-em-massa","status":"publish","type":"post","link":"https:\/\/tvbrazilusa.com\/pt\/2024\/09\/17\/um-mes-apos-a-morte-de-silvio-santos-o-sbt-realiza-demissoes-em-massa\/","title":{"rendered":"Um m\u00eas ap\u00f3s a morte de Silvio Santos, o SBT realiza demiss\u00f5es em massa"},"content":{"rendered":"<p> <script async src=\"https:\/\/pagead2.googlesyndication.com\/pagead\/js\/adsbygoogle.js?client=ca-pub-8864793242727901\"\r\n     crossorigin=\"anonymous\"><\/script><br \/>\n<\/p>\n<p>Nesta segunda-feira, o SBT iniciou um processo significativo de demiss\u00f5es, com a meta de ajustar suas finan\u00e7as ap\u00f3s o desempenho decepcionante da nova grade de programa\u00e7\u00e3o, introduzida no in\u00edcio do ano. As mudan\u00e7as envolver\u00e3o v\u00e1rios setores e produ\u00e7\u00f5es, sendo um esfor\u00e7o para compensar os investimentos n\u00e3o rent\u00e1veis feitos recentemente.<\/p>\n<p>A emissora, sob a lideran\u00e7a de Daniela Beyruti, est\u00e1 conduzindo essas demiss\u00f5es ao longo da semana para mitigar as repercuss\u00f5es com os sindicatos trabalhistas. Essa abordagem j\u00e1 havia sido adotada pela Globo anteriormente, revelando a reorganiza\u00e7\u00e3o do pessoal de forma gradual.<\/p>\n<div>\n<p>Devido \u00e0s medidas rigorosas para conter despesas, todas as \u00e1reas do SBT sofreram impactos, incluindo cortes em recursos b\u00e1sicos como materiais de escrit\u00f3rio. Infelizmente, mesmo com essas economias, a demiss\u00e3o de funcion\u00e1rios revelou-se inevit\u00e1vel.<\/p>\n<h3 class=\"wp-block-heading\">Programas Sob Press\u00e3o<\/h3>\n<p>O programa matutino\u00a0<strong>Chega Mais<\/strong>\u00a0\u00e9 um dos mais impactados, com a perda de v\u00e1rios membros da equipe de produ\u00e7\u00e3o. Desde que profissionais do programa\u00a0<em>Eliana<\/em>\u00a0foram realocados, cerca de dez colaboradores do\u00a0<em>Chega Mais<\/em>\u00a0enfrentam agora a perda de seus empregos. Outros programas, como\u00a0<em>T\u00e1 na Hora<\/em>\u00a0e\u00a0<em>Circo do Tir\u00fa<\/em>, tamb\u00e9m est\u00e3o sofrendo redu\u00e7\u00f5es.<\/p>\n<h2 class=\"wp-block-heading\">Impacto no Jornalismo do SBT<\/h2>\n<p>\u00a0<\/p>\n<p>O setor de telejornalismo, um dos pilares da emissora, foi duramente atingido pelas demiss\u00f5es. Rep\u00f3rteres conhecidos, como Luciano Teixeira, e experientes executivos, como S\u00e9rgio Fernandes da Costa, est\u00e3o entre os dispensados. Fernandes, por exemplo, teve uma longa trajet\u00f3ria na emissora, contribuindo para diversas \u00e1reas, inclusive o extinto\u00a0<em>Noticidade<\/em>.<\/p>\n<h3 class=\"wp-block-heading\">Programas que Passaram Imunes<\/h3>\n<p>Segundo informa\u00e7\u00f5es internas, apenas dois programas n\u00e3o foram afetados pelos cortes:\u00a0<em>The Noite<\/em>, apresentado por Danilo Gentili, e\u00a0<em>Sabadou<\/em>, com Virginia Fonseca. Esses programas, que compartilham a mesma equipe e diretor, continuam a ter boa audi\u00eancia e se mant\u00eam financeiramente vi\u00e1veis.<\/p>\n<h2 class=\"wp-block-heading\">Perspectivas do SBT para o Futuro<\/h2>\n<p>\u00a0<\/p>\n<p>No horizonte de 2025, h\u00e1 uma ampla incerteza sobre quais programas continuar\u00e3o no ar. As recentes medidas de economia e a redu\u00e7\u00e3o de pessoal indicam que mais mudan\u00e7as podem ocorrer, impactando tanto a produ\u00e7\u00e3o quanto a qualidade da programa\u00e7\u00e3o oferecida.<\/p>\n<p>Em contato solicitado pela reportagem, o SBT n\u00e3o se posicionou oficialmente sobre as a\u00e7\u00f5es recentes at\u00e9 o fechamento desta mat\u00e9ria.<\/p>\n<h2 class=\"wp-block-heading\">Quais Ser\u00e3o os Pr\u00f3ximos Passos do SBT?<\/h2>\n<p>\u00a0<\/p>\n<p>O futuro do SBT depender\u00e1 de como a emissora administrar\u00e1 esta fase de ajustes financeiros. Medidas de conten\u00e7\u00e3o e cortes dever\u00e3o desempenhar um papel crucial na sustentabilidade financeira da empresa, al\u00e9m de influenciar diretamente nas produ\u00e7\u00f5es futuras e na experi\u00eancia dos telespectadores. Para os funcion\u00e1rios, o clima permanece inst\u00e1vel e o efeito dessas mudan\u00e7as ser\u00e1 sentido nos pr\u00f3ximos meses.<\/p>\n<p><strong>Terra Brasil Not\u00edcias\u00a0<\/strong><\/p>\n<\/div>\n<p><br \/>\n<br \/><a href=\"https:\/\/diariodobrasilnoticias.com.br\/noticia\/um-mes-apos-a-morte-de-silvio-santos-o-sbt-realiza-demissoes-em-massa-66e8bdfc7fbc7\">Source link <\/a><\/p>","protected":false},"excerpt":{"rendered":"<p>Nesta segunda-feira, o SBT iniciou um processo significativo de demiss\u00f5es, com a meta de ajustar suas finan\u00e7as ap\u00f3s o desempenho decepcionante da nova grade de programa\u00e7\u00e3o, introduzida no in\u00edcio do&hellip;<\/p>","protected":false},"author":1,"featured_media":38212,"comment_status":"closed","ping_status":"open","sticky":false,"template":"","format":"standard","meta":{"content-type":"","footnotes":""},"categories":[16],"tags":[123,2448,5313,1267],"class_list":["post-38211","post","type-post","status-publish","format-standard","has-post-thumbnail","hentry","category-noticias","tag-brasil","tag-diario","tag-noticia","tag-noticias"],"_links":{"self":[{"href":"https:\/\/tvbrazilusa.com\/pt\/wp-json\/wp\/v2\/posts\/38211","targetHints":{"allow":["GET"]}}],"collection":[{"href":"https:\/\/tvbrazilusa.com\/pt\/wp-json\/wp\/v2\/posts"}],"about":[{"href":"https:\/\/tvbrazilusa.com\/pt\/wp-json\/wp\/v2\/types\/post"}],"author":[{"embeddable":true,"href":"https:\/\/tvbrazilusa.com\/pt\/wp-json\/wp\/v2\/users\/1"}],"replies":[{"embeddable":true,"href":"https:\/\/tvbrazilusa.com\/pt\/wp-json\/wp\/v2\/comments?post=38211"}],"version-history":[{"count":1,"href":"https:\/\/tvbrazilusa.com\/pt\/wp-json\/wp\/v2\/posts\/38211\/revisions"}],"predecessor-version":[{"id":38213,"href":"https:\/\/tvbrazilusa.com\/pt\/wp-json\/wp\/v2\/posts\/38211\/revisions\/38213"}],"wp:featuredmedia":[{"embeddable":true,"href":"https:\/\/tvbrazilusa.com\/pt\/wp-json\/wp\/v2\/media\/38212"}],"wp:attachment":[{"href":"https:\/\/tvbrazilusa.com\/pt\/wp-json\/wp\/v2\/media?parent=38211"}],"wp:term":[{"taxonomy":"category","embeddable":true,"href":"https:\/\/tvbrazilusa.com\/pt\/wp-json\/wp\/v2\/categories?post=38211"},{"taxonomy":"post_tag","embeddable":true,"href":"https:\/\/tvbrazilusa.com\/pt\/wp-json\/wp\/v2\/tags?post=38211"}],"curies":[{"name":"wp","href":"https:\/\/api.w.org\/{rel}","templated":true}]}}