{"id":38220,"date":"2024-09-17T03:31:41","date_gmt":"2024-09-17T03:31:41","guid":{"rendered":"https:\/\/tvbrazilusa.com\/2024\/09\/17\/putin-assina-decreto-para-adicionar-180-mil-militares-as-forcas-armadas\/"},"modified":"2024-09-17T03:31:42","modified_gmt":"2024-09-17T03:31:42","slug":"putin-assina-decreto-para-adicionar-180-mil-militares-as-forcas-armadas","status":"publish","type":"post","link":"https:\/\/tvbrazilusa.com\/pt\/2024\/09\/17\/putin-assina-decreto-para-adicionar-180-mil-militares-as-forcas-armadas\/","title":{"rendered":"Putin assina decreto para adicionar 180 mil militares \u00e0s For\u00e7as Armadas"},"content":{"rendered":"<p> <script async src=\"https:\/\/pagead2.googlesyndication.com\/pagead\/js\/adsbygoogle.js?client=ca-pub-8864793242727901\"\r\n     crossorigin=\"anonymous\"><\/script><br \/>\n<\/p>\n<div id=\"taboola-read-more\" style=\"display:block; width:100%\">\n<p>O presidente da R\u00fassia, Vladimir Putin, assinou um decreto para incorporar mais 180 mil militares \u00e0s For\u00e7as Armadas do pa\u00eds, uma a\u00e7\u00e3o que aumentar\u00e1 o n\u00famero de tropas aptas ao combate para 1,5 milh\u00e3o de homens. A decis\u00e3o foi a terceira do tipo desde o in\u00edcio da invas\u00e3o da Ucr\u00e2nia, h\u00e1 quase tr\u00eas anos, e ocorre em um momento de ret\u00f3rica elevada nos c\u00edrculos mais elevados do Kremlin.<\/p>\n<p>Pelo decreto, o quadro das For\u00e7as Armadas passar\u00e1, em dezembro, para 2.389.130 pessoas, incluindo 1,5 milh\u00e3o de militares com capacidade comprovada para a\u00e7\u00f5es em campo de batalha. O texto n\u00e3o sinaliza se essa expans\u00e3o ocorrer\u00e1 atrav\u00e9s das habituais campanhas de recrutamento volunt\u00e1rio ou se ocorrer\u00e1 uma nova rodada de mobiliza\u00e7\u00f5es, algo que o governo Putin tem negado que pretenda fazer em um futuro pr\u00f3ximo.<\/p>\n<p>A decis\u00e3o ocorre em um momento complexo da guerra na Ucr\u00e2nia. As for\u00e7as russas conseguiram avan\u00e7os importantes nas \u00faltimas semanas em Donetsk (leste), e est\u00e3o perto de conquistar a estrat\u00e9gica cidade de Pokrovsk, um centro log\u00edstico que hoje \u00e9 crucial para as linhas de defesa ucranianas na regi\u00e3o. A cidade est\u00e1 sob intenso ataque russo, e a popula\u00e7\u00e3o foi orientada a ir para locais mais seguros o quanto antes \u2014 para os que ficaram, o fornecimento de g\u00e1s, \u00e1gua e luz \u00e9 intermitente, e ruas outrora usadas para deslocamentos est\u00e3o bloqueadas por trincheiras.<\/p>\n<p>Por outro lado, a Ucr\u00e2nia, em uma tentativa de atrapalhar a ofensiva inimiga, avan\u00e7ou em dire\u00e7\u00e3o \u00e0 regi\u00e3o russa de Kursk, no come\u00e7o do m\u00eas passado, onde ocupa cerca de mil km\u00b2 e trava intensos combates com as tropas da R\u00fassia \u2014 contudo, ao contr\u00e1rio do que previa a lideran\u00e7a em Kiev, os russos n\u00e3o redirecionaram suas for\u00e7as em Donetsk, e usaram recrutas e paramilitares para conter e tentar expulsar os ucranianos.<\/p>\n<p>O aumento do contingente militar russo foi o terceiro desde o in\u00edcio da guerra: em agosto de 2022, Putin ordenou que as For\u00e7as Armadas tivessem \u00e0 disposi\u00e7\u00e3o 1.150.628 militares, um n\u00famero que passou para 1,32 milh\u00e3o em dezembro do ano passado, atrav\u00e9s de um novo decreto do l\u00edder russo. Em setembro de 2022, o governo declarou uma \u201cmobiliza\u00e7\u00e3o parcial\u201d, que convocou para o combate cerca de 300 mil civis com experi\u00eancia militar \u2014 recentemente, as autoridades russas disseram que n\u00e3o planejam novas convoca\u00e7\u00f5es.<\/p>\n<p>Caso a meta de novos recrutamentos volunt\u00e1rios seja atingida, a R\u00fassia chegar\u00e1 ao n\u00famero estipulado pelo ex-ministro da Defesa, Sergei Shoigu, como o adequado para garantir a seguran\u00e7a do pa\u00eds. Em janeiro do ano passado, o governo aprovou um plano de Shoigu para n\u00e3o apenas elevar o contingente a 1,5 milh\u00e3o de combatentes, mas tamb\u00e9m para criar novas divis\u00f5es em \u00e1reas de fronteira e nos territ\u00f3rios ocupados na Ucr\u00e2nia.<\/p>\n<p>O an\u00fancio do novo decreto veio ap\u00f3s dias de ret\u00f3rica elevada por parte do Kremlin. Na semana passada, Putin disse que uma eventual decis\u00e3o da Otan, a principal alian\u00e7a militar ocidental, para permitir que suas armas sejam usadas em ataques dentro do territ\u00f3rio russo seria encarada como uma declara\u00e7\u00e3o de guerra por Moscou.<\/p>\n<p>\u2014 Isso mudaria de forma significativa a pr\u00f3pria natureza do conflito \u2014 disse Putin a um rep\u00f3rter da televis\u00e3o estatal russa. \u2014 Isso significaria que os pa\u00edses da Otan, os EUA, os pa\u00edses europeus, est\u00e3o em guerra com a R\u00fassia.<\/p>\n<p>Kiev quer empregar essas armas contra locais de onde s\u00e3o lan\u00e7ados m\u00edsseis e drones contra a Ucr\u00e3nia, mas muitos dos l\u00edderes da alian\u00e7a, especialmente dos EUA, n\u00e3o parecem dispostos a correr riscos com um pa\u00eds que tem \u00e0 sua disposi\u00e7\u00e3o um consider\u00e1vel arsenal de armas convencionais e nucleares. Por outro lado, analistas e alguns membros da Otan veem as palavras de Putin como um blefe, e pedem aos americanos que deixem de lado suas obje\u00e7\u00f5es e autorizem os ataques.<\/p>\n<p><strong>EXAME<\/strong><\/p>\n<\/p><\/div>\n<p><br \/>\n<br \/><a href=\"https:\/\/diariodobrasilnoticias.com.br\/noticia\/putin-assina-decreto-para-adicionar-180-mil-militares-as-forcas-armadas-66e8bfebd3c38\">Source link <\/a><\/p>","protected":false},"excerpt":{"rendered":"<p>O presidente da R\u00fassia, Vladimir Putin, assinou um decreto para incorporar mais 180 mil militares \u00e0s For\u00e7as Armadas do pa\u00eds, uma a\u00e7\u00e3o que aumentar\u00e1 o n\u00famero de tropas aptas ao&hellip;<\/p>","protected":false},"author":1,"featured_media":38221,"comment_status":"closed","ping_status":"open","sticky":false,"template":"","format":"standard","meta":{"content-type":"","footnotes":""},"categories":[16],"tags":[123,2448,5313,1267],"class_list":["post-38220","post","type-post","status-publish","format-standard","has-post-thumbnail","hentry","category-noticias","tag-brasil","tag-diario","tag-noticia","tag-noticias"],"_links":{"self":[{"href":"https:\/\/tvbrazilusa.com\/pt\/wp-json\/wp\/v2\/posts\/38220","targetHints":{"allow":["GET"]}}],"collection":[{"href":"https:\/\/tvbrazilusa.com\/pt\/wp-json\/wp\/v2\/posts"}],"about":[{"href":"https:\/\/tvbrazilusa.com\/pt\/wp-json\/wp\/v2\/types\/post"}],"author":[{"embeddable":true,"href":"https:\/\/tvbrazilusa.com\/pt\/wp-json\/wp\/v2\/users\/1"}],"replies":[{"embeddable":true,"href":"https:\/\/tvbrazilusa.com\/pt\/wp-json\/wp\/v2\/comments?post=38220"}],"version-history":[{"count":1,"href":"https:\/\/tvbrazilusa.com\/pt\/wp-json\/wp\/v2\/posts\/38220\/revisions"}],"predecessor-version":[{"id":38222,"href":"https:\/\/tvbrazilusa.com\/pt\/wp-json\/wp\/v2\/posts\/38220\/revisions\/38222"}],"wp:featuredmedia":[{"embeddable":true,"href":"https:\/\/tvbrazilusa.com\/pt\/wp-json\/wp\/v2\/media\/38221"}],"wp:attachment":[{"href":"https:\/\/tvbrazilusa.com\/pt\/wp-json\/wp\/v2\/media?parent=38220"}],"wp:term":[{"taxonomy":"category","embeddable":true,"href":"https:\/\/tvbrazilusa.com\/pt\/wp-json\/wp\/v2\/categories?post=38220"},{"taxonomy":"post_tag","embeddable":true,"href":"https:\/\/tvbrazilusa.com\/pt\/wp-json\/wp\/v2\/tags?post=38220"}],"curies":[{"name":"wp","href":"https:\/\/api.w.org\/{rel}","templated":true}]}}