{"id":38253,"date":"2024-09-16T23:45:37","date_gmt":"2024-09-16T23:45:37","guid":{"rendered":"https:\/\/tvbrazilusa.com\/2024\/09\/16\/placar-do-impeachment-cadeirada-no-marcal-16-09-24\/"},"modified":"2024-09-16T23:45:37","modified_gmt":"2024-09-16T23:45:37","slug":"placar-do-impeachment-cadeirada-no-marcal-16-09-24","status":"publish","type":"post","link":"https:\/\/tvbrazilusa.com\/pt\/2024\/09\/16\/placar-do-impeachment-cadeirada-no-marcal-16-09-24\/","title":{"rendered":"PLACAR DO IMPEACHMENT \/ CADEIRADA NO MAR\u00c7AL &#8211; 16\/09\/24"},"content":{"rendered":"<p><iframe  width=\"580\" height=\"385\" src=\"https:\/\/www.youtube.com\/embed\/lsaojskPVNg?modestbranding=1\" frameborder=\"0\" allowfullscreen><\/iframe><br \/>\n<br \/>O Raio X da Pol\u00edtica recebe a jornalista Camila Abdo e o jornalista Diogo Forjaz. Apresenta\u00e7\u00e3o Berenice Leite<br \/>\n<br \/><a href=\"https:\/\/www.youtube.com\/watch?v=lsaojskPVNg\">source<\/a><\/p>","protected":false},"excerpt":{"rendered":"<p>O Raio X da Pol\u00edtica recebe a jornalista Camila Abdo e o jornalista Diogo Forjaz. Apresenta\u00e7\u00e3o Berenice Leite source<\/p>","protected":false},"author":1,"featured_media":38254,"comment_status":"","ping_status":"open","sticky":false,"template":"","format":"standard","meta":{"content-type":"","footnotes":""},"categories":[17],"tags":[20581,238,315,20666],"class_list":["post-38253","post","type-post","status-publish","format-standard","has-post-thumbnail","hentry","category-programas","tag-cadeirada","tag-impeachment","tag-marcal","tag-placar"],"_links":{"self":[{"href":"https:\/\/tvbrazilusa.com\/pt\/wp-json\/wp\/v2\/posts\/38253","targetHints":{"allow":["GET"]}}],"collection":[{"href":"https:\/\/tvbrazilusa.com\/pt\/wp-json\/wp\/v2\/posts"}],"about":[{"href":"https:\/\/tvbrazilusa.com\/pt\/wp-json\/wp\/v2\/types\/post"}],"author":[{"embeddable":true,"href":"https:\/\/tvbrazilusa.com\/pt\/wp-json\/wp\/v2\/users\/1"}],"replies":[{"embeddable":true,"href":"https:\/\/tvbrazilusa.com\/pt\/wp-json\/wp\/v2\/comments?post=38253"}],"version-history":[{"count":0,"href":"https:\/\/tvbrazilusa.com\/pt\/wp-json\/wp\/v2\/posts\/38253\/revisions"}],"wp:featuredmedia":[{"embeddable":true,"href":"https:\/\/tvbrazilusa.com\/pt\/wp-json\/wp\/v2\/media\/38254"}],"wp:attachment":[{"href":"https:\/\/tvbrazilusa.com\/pt\/wp-json\/wp\/v2\/media?parent=38253"}],"wp:term":[{"taxonomy":"category","embeddable":true,"href":"https:\/\/tvbrazilusa.com\/pt\/wp-json\/wp\/v2\/categories?post=38253"},{"taxonomy":"post_tag","embeddable":true,"href":"https:\/\/tvbrazilusa.com\/pt\/wp-json\/wp\/v2\/tags?post=38253"}],"curies":[{"name":"wp","href":"https:\/\/api.w.org\/{rel}","templated":true}]}}