{"id":38273,"date":"2024-09-17T10:30:03","date_gmt":"2024-09-17T10:30:03","guid":{"rendered":"https:\/\/tvbrazilusa.com\/2024\/09\/17\/brasil-busca-evitar-discussao-sobre-a-venezuela-na-cupula-de-combate-ao-extremismo\/"},"modified":"2024-09-17T10:30:05","modified_gmt":"2024-09-17T10:30:05","slug":"brasil-busca-evitar-discussao-sobre-a-venezuela-na-cupula-de-combate-ao-extremismo","status":"publish","type":"post","link":"https:\/\/tvbrazilusa.com\/pt\/2024\/09\/17\/brasil-busca-evitar-discussao-sobre-a-venezuela-na-cupula-de-combate-ao-extremismo\/","title":{"rendered":"Brasil busca evitar discuss\u00e3o sobre a Venezuela na c\u00fapula de combate ao extremismo"},"content":{"rendered":"<p> <script async src=\"https:\/\/pagead2.googlesyndication.com\/pagead\/js\/adsbygoogle.js?client=ca-pub-8864793242727901\"\r\n     crossorigin=\"anonymous\"><\/script><br \/>\n<\/p>\n<div id=\"taboola-read-more\" style=\"display:block; width:100%\">\n<p>O governo brasileiro quer a escalada autorit\u00e1ria na Venezuela fora das discuss\u00f5es da c\u00fapula sobre o avan\u00e7o do extremismo no mundo. Convocado pelos presidentes do Brasil, Luiz In\u00e1cio Lula da Silva, e da Espanha, Pedro S\u00e1nchez, que divergem sobre a resposta ao ditador Nicol\u00e1s Maduro, o evento est\u00e1 marcado para 24 de setembro, em Nova York. Para auxiliares palacianos, \u00e9 preciso conciliar opini\u00f5es sobre as amea\u00e7as \u00e0 democracia entre os pa\u00edses participantes do f\u00f3rum, e isso ser\u00e1 imposs\u00edvel se a crise pol\u00edtica na ditadura venezuelana vier \u00e0 tona \u2014 com o potencial de criar uma saia-justa que impe\u00e7a a constru\u00e7\u00e3o de um comunicado sobre o encontro.<\/p>\n<p>A c\u00fapula \u201cEm defesa da democracia: lutando contra o extremismo\u201d acontecer\u00e1 \u00e0s margens da Assembleia-Geral da Organiza\u00e7\u00e3o das Na\u00e7\u00f5es Unidas (ONU), em Nova York, deve contar com as presen\u00e7as dos presidentes Emannuel Macron (Fran\u00e7a), Justin Trudeau (Canad\u00e1), Gustavo Petro (Col\u00f4mbia) e Gabriel Boric (Chile), al\u00e9m de Lula e S\u00e1nchez. O presidente dos Estados Unidos, Joe Biden, tamb\u00e9m \u00e9 esperado.<\/p>\n<p>Os organizadores s\u00e3o exemplos da diverg\u00eancia sobre a Venezuela. Enquanto o Brasil escolheu manter interlocu\u00e7\u00e3o com Caracas, embora sem reconhecer a vit\u00f3ria eleitoral de Nicol\u00e1s Maduro, a Espanha deu asilo pol\u00edtico a Edmundo Gonz\u00e1lez, candidato da oposi\u00e7\u00e3o na Venezuela que deixou o seu pa\u00eds ap\u00f3s sofrer persegui\u00e7\u00f5es pol\u00edticas.<\/p>\n<p>Apesar do desejo brasileiro de focar nos \u201celementos comuns\u201d entre os pa\u00edses que enfrentam amea\u00e7as \u00e0 democracia, o governo n\u00e3o descarta cita\u00e7\u00f5es \u00e0 Venezuela por parte dos outros pa\u00edses. De esquerda, Boric \u00e9 cr\u00edtico contumaz do regime bolivariano e demanda uma eleva\u00e7\u00e3o de tom por parte de Lula. O presidente do Brasil, contudo, deve focar sua participa\u00e7\u00e3o no f\u00f3rum a discuss\u00f5es em torno do extremismo de direita e do papel das redes sociais na dissemina\u00e7\u00e3o de fake news.<\/p>\n<p>Lula ter\u00e1 uma extensa agenda em Nova York na pr\u00f3xima semana. Para al\u00e9m de participar da Assembleia-Geral da ONU e do evento sobre democracia e extremismo, o presidente discursar\u00e1 na C\u00fapula do Futuro e ter\u00e1 reuni\u00f5es bilaterais.<\/p>\n<p>Fonnte: O Estad\u00e3o<\/p>\n<\/p><\/div>\n<p><br \/>\n<br \/><a href=\"https:\/\/diariodobrasilnoticias.com.br\/noticia\/brasil-busca-evitar-discussao-sobre-a-venezuela-na-cupula-de-combate-ao-extremismo-66e958d981f60\">Source link <\/a><\/p>","protected":false},"excerpt":{"rendered":"<p>O governo brasileiro quer a escalada autorit\u00e1ria na Venezuela fora das discuss\u00f5es da c\u00fapula sobre o avan\u00e7o do extremismo no mundo. Convocado pelos presidentes do Brasil, Luiz In\u00e1cio Lula da&hellip;<\/p>","protected":false},"author":1,"featured_media":38274,"comment_status":"closed","ping_status":"open","sticky":false,"template":"","format":"standard","meta":{"content-type":"","footnotes":""},"categories":[16],"tags":[123,2448,5313,1267],"class_list":["post-38273","post","type-post","status-publish","format-standard","has-post-thumbnail","hentry","category-noticias","tag-brasil","tag-diario","tag-noticia","tag-noticias"],"_links":{"self":[{"href":"https:\/\/tvbrazilusa.com\/pt\/wp-json\/wp\/v2\/posts\/38273","targetHints":{"allow":["GET"]}}],"collection":[{"href":"https:\/\/tvbrazilusa.com\/pt\/wp-json\/wp\/v2\/posts"}],"about":[{"href":"https:\/\/tvbrazilusa.com\/pt\/wp-json\/wp\/v2\/types\/post"}],"author":[{"embeddable":true,"href":"https:\/\/tvbrazilusa.com\/pt\/wp-json\/wp\/v2\/users\/1"}],"replies":[{"embeddable":true,"href":"https:\/\/tvbrazilusa.com\/pt\/wp-json\/wp\/v2\/comments?post=38273"}],"version-history":[{"count":1,"href":"https:\/\/tvbrazilusa.com\/pt\/wp-json\/wp\/v2\/posts\/38273\/revisions"}],"predecessor-version":[{"id":38275,"href":"https:\/\/tvbrazilusa.com\/pt\/wp-json\/wp\/v2\/posts\/38273\/revisions\/38275"}],"wp:featuredmedia":[{"embeddable":true,"href":"https:\/\/tvbrazilusa.com\/pt\/wp-json\/wp\/v2\/media\/38274"}],"wp:attachment":[{"href":"https:\/\/tvbrazilusa.com\/pt\/wp-json\/wp\/v2\/media?parent=38273"}],"wp:term":[{"taxonomy":"category","embeddable":true,"href":"https:\/\/tvbrazilusa.com\/pt\/wp-json\/wp\/v2\/categories?post=38273"},{"taxonomy":"post_tag","embeddable":true,"href":"https:\/\/tvbrazilusa.com\/pt\/wp-json\/wp\/v2\/tags?post=38273"}],"curies":[{"name":"wp","href":"https:\/\/api.w.org\/{rel}","templated":true}]}}