{"id":38300,"date":"2024-09-17T12:04:32","date_gmt":"2024-09-17T12:04:32","guid":{"rendered":"https:\/\/tvbrazilusa.com\/2024\/09\/17\/menino-de-nj-11-e-empalado-na-coxa-enquanto-desliza-morro-abaixo-a-caminho-de-casa-depois-da-escola\/"},"modified":"2024-09-17T12:23:01","modified_gmt":"2024-09-17T12:23:01","slug":"menino-de-nj-11-e-empalado-na-coxa-enquanto-desliza-morro-abaixo-a-caminho-de-casa-depois-da-escola","status":"publish","type":"post","link":"https:\/\/tvbrazilusa.com\/pt\/2024\/09\/17\/menino-de-nj-11-e-empalado-na-coxa-enquanto-desliza-morro-abaixo-a-caminho-de-casa-depois-da-escola\/","title":{"rendered":"Menino de NJ, 11, \u00e9 empalado na coxa enquanto desliza morro abaixo a caminho de casa depois da escola"},"content":{"rendered":"<script async src=\"https:\/\/pagead2.googlesyndication.com\/pagead\/js\/adsbygoogle.js?client=ca-pub-8864793242727901\"\r\n     crossorigin=\"anonymous\"><\/script>\n<div>\n<p class=\"article__paragraph article__paragraph--left\" id=\"LGYVPK5WGRDXLGCABOATGF2UBI\">Um menino de 11 anos foi espetado na coxa na segunda-feira por um grande peda\u00e7o de pau em uma \u00e1rea arborizada do Condado de Passaic quando voltava da escola, disseram as autoridades.<\/p>\n<p class=\"article__paragraph article__paragraph--left\" id=\"KEABWNXYUZC53LGOHTR7NXYSIQ\">A crian\u00e7a, uma aluna da Anthony Wayne Middle School, e alguns colegas estavam pegando um atalho para casa pela floresta depois do t\u00e9rmino da escola quando a crian\u00e7a se machucou ao escorregar morro abaixo, de acordo com o Departamento de Pol\u00edcia de Wayne.<\/p>\n<p class=\"article__paragraph article__paragraph--left\" id=\"XZGT5MKKRVAEXPNFNHSZ5OOQAE\">\u201cEnquanto deslizava por uma encosta \u00edngreme, um garoto de 11 anos foi empalado na coxa por um grande peda\u00e7o de pau\u201d, disse o detetive capit\u00e3o Dan Daly, porta-voz do Departamento de Pol\u00edcia de Wayne, em um comunicado.<\/p>\n<p class=\"article__paragraph article__paragraph--left\" id=\"RLNWJYPBTNHY3HDYYKSCKAKDWE\">O amigo do menino ligou para o 911 e outro amigo voltou \u00e0 escola em busca de ajuda, disse Daly.<\/p>\n<p class=\"article__paragraph article__paragraph--left\" id=\"QAEIFHKOG5DNXIDSN3LMVIDSIM\">O oficial de recursos da escola e o diretor foram ajudar, com o oficial de recursos descendo at\u00e9 o menino enquanto um policial da patrulha da pol\u00edcia de Wayne no sop\u00e9 da colina subia para ajudar, disse Daly.<\/p>\n<p class=\"article__paragraph article__paragraph--left\" id=\"WR54IIOXLVGQJPWY5TNBFT45VA\">Pouco tempo depois, membros do esquadr\u00e3o de primeiros socorros do munic\u00edpio, param\u00e9dicos do hospital e a Equipe de Resposta Especial do Corpo de Bombeiros de Wayne resgataram o menino usando uma maca leve para carreg\u00e1-lo para fora da floresta.<\/p>\n<p class=\"article__paragraph article__paragraph--left\" id=\"BAYD4PPEHFAF5BCE4LQQBGQO5Y\">\u201cEle foi ent\u00e3o transportado para um hospital da \u00e1rea para tratamento de seus ferimentos, que n\u00e3o eram considerados fatais\u201d, disse Daly.<\/p>\n<section class=\"Stories-By-Author-module_wrapper__ezbcK Stories-By-Author-module_nj__Ap1-Y\"\/>\n<p class=\"article__paragraph article__paragraph--left\" id=\"IRQRFKP33FDRVNF7BEIM5QN4GQ\"><a href=\"https:\/\/connect.nj.com\/user\/AAttrino\/posts.html\"><i>Anthony G. Attrino<\/i><\/a><i>  pode ser alcan\u00e7ado em <\/i><a href=\"https:\/\/www.nj.com\/passaic-county\/2024\/09\/mailto:tattrino@njadvancemedia.com\"><i>tattrino@njadvancemedia.com<\/i><\/a><i>. Siga-o no X <\/i><a href=\"https:\/\/twitter.com\/TonyAttrino\"><i>@TonyAttrino<\/i><\/a><i>. Encontrar <\/i><a href=\"https:\/\/https\/\/www.facebook.com\/BergenCountyNJ\/\"><i>NJ.com no Facebook<\/i><\/a><i>.<\/i><\/p>\n<\/div>\n<p><script async src=\"\/\/platform.twitter.com\/widgets.js\" charset=\"utf-8\"><\/script><br \/>\n<br \/><br \/>\n<br \/><a href=\"https:\/\/www.nj.com\/passaic-county\/2024\/09\/nj-boy-11-impaled-in-thigh-while-sliding-down-hill-on-way-home-from-school.html\">Source link <\/a><\/p>","protected":false},"excerpt":{"rendered":"<p>Um menino de 11 anos foi espetado na coxa na segunda-feira por um grande peda\u00e7o de pau em uma \u00e1rea arborizada do Condado de Passaic quando voltava da escola, disseram&hellip;<\/p>","protected":false},"author":1,"featured_media":38301,"comment_status":"closed","ping_status":"open","sticky":false,"template":"","format":"standard","meta":{"content-type":"","footnotes":""},"categories":[1],"tags":[11287,6570,3909,6565,2476,19716,20761,5656,3647,20752,9816,3911,11247,4974,6906,12205,2488,1311,20766,3937,10398,20755,2164,5055,3153,20769,20768,20767,20765,20764,20763,20762,20760,20759,20758,20757,20756,20754,20753,20751,20750,20749,20748,1294,2177,1338,2184,1325,1317,1310,1307,1301,1288,1290],"class_list":["post-38300","post","type-post","status-publish","format-standard","has-post-thumbnail","hentry","category-uncategorized","tag-palavra-chave-wayne","tag-palavra-chaveajuda","tag-palavra-chavealuno","tag-palavra-chaveamigo","tag-palavra-chavearea","tag-palavra-chavecolina","tag-palavra-chavecoxa","tag-palavra-chavecrianca","tag-palavra-chavedeclaracao","tag-palavra-chavediario","tag-palavra-chaveencosta","tag-palavra-chaveescola","tag-palavra-chavefacebook","tag-palavra-chavefundo","tag-palavra-chavemaca","tag-palavra-chavemenino","tag-palavra-chavemunicipio","tag-palavra-chaveoficial","tag-palavra-chaveoficial-de-recursos","tag-palavra-chaveporta-voz","tag-palavra-chaverecurso","tag-palavra-chavestick","tag-palavra-chavetempo","tag-palavra-chavetratamento","tag-palavra-chavevida","tag-20769","tag-20768","tag-20767","tag-20765","tag-20764","tag-20763","tag-20762","tag-20760","tag-20759","tag-20758","tag-20757","tag-20756","tag-20754","tag-20753","tag-20751","tag-20750","tag-20749","tag-20748","tag-etiquetasubstantivo","tag-frequencia10","tag-frequencia2","tag-frequencia3","tag-frequencia4","tag-frequencia5","tag-frequencia6","tag-frequencia7","tag-frequencia8","tag-pontuacao0","tag-tagnome_proprio"],"_links":{"self":[{"href":"https:\/\/tvbrazilusa.com\/pt\/wp-json\/wp\/v2\/posts\/38300","targetHints":{"allow":["GET"]}}],"collection":[{"href":"https:\/\/tvbrazilusa.com\/pt\/wp-json\/wp\/v2\/posts"}],"about":[{"href":"https:\/\/tvbrazilusa.com\/pt\/wp-json\/wp\/v2\/types\/post"}],"author":[{"embeddable":true,"href":"https:\/\/tvbrazilusa.com\/pt\/wp-json\/wp\/v2\/users\/1"}],"replies":[{"embeddable":true,"href":"https:\/\/tvbrazilusa.com\/pt\/wp-json\/wp\/v2\/comments?post=38300"}],"version-history":[{"count":1,"href":"https:\/\/tvbrazilusa.com\/pt\/wp-json\/wp\/v2\/posts\/38300\/revisions"}],"predecessor-version":[{"id":38302,"href":"https:\/\/tvbrazilusa.com\/pt\/wp-json\/wp\/v2\/posts\/38300\/revisions\/38302"}],"wp:featuredmedia":[{"embeddable":true,"href":"https:\/\/tvbrazilusa.com\/pt\/wp-json\/wp\/v2\/media\/38301"}],"wp:attachment":[{"href":"https:\/\/tvbrazilusa.com\/pt\/wp-json\/wp\/v2\/media?parent=38300"}],"wp:term":[{"taxonomy":"category","embeddable":true,"href":"https:\/\/tvbrazilusa.com\/pt\/wp-json\/wp\/v2\/categories?post=38300"},{"taxonomy":"post_tag","embeddable":true,"href":"https:\/\/tvbrazilusa.com\/pt\/wp-json\/wp\/v2\/tags?post=38300"}],"curies":[{"name":"wp","href":"https:\/\/api.w.org\/{rel}","templated":true}]}}