{"id":38326,"date":"2024-09-17T13:16:36","date_gmt":"2024-09-17T13:16:36","guid":{"rendered":"https:\/\/tvbrazilusa.com\/2024\/09\/17\/senado-aprova-a-oferta-de-atendimento-psicologico-para-filhos-de-pessoas-presas\/"},"modified":"2024-09-17T13:16:37","modified_gmt":"2024-09-17T13:16:37","slug":"senado-aprova-a-oferta-de-atendimento-psicologico-para-filhos-de-pessoas-presas","status":"publish","type":"post","link":"https:\/\/tvbrazilusa.com\/pt\/2024\/09\/17\/senado-aprova-a-oferta-de-atendimento-psicologico-para-filhos-de-pessoas-presas\/","title":{"rendered":"Senado aprova a oferta de atendimento psicol\u00f3gico para filhos de pessoas presas"},"content":{"rendered":"<p> <script async src=\"https:\/\/pagead2.googlesyndication.com\/pagead\/js\/adsbygoogle.js?client=ca-pub-8864793242727901\"\r\n     crossorigin=\"anonymous\"><\/script><br \/>\n<\/p>\n<div id=\"taboola-read-more\" style=\"display:block; width:100%\">\n<p>O Senado Federal aprovou, na \u00faltima sexta-feira, 13, o direito ao atendimento m\u00e9dico e psicossocial a filhos de presos e de v\u00edtimas de viol\u00eancia grave.<\/p>\n<p>A proposta altera o Estatuto da Crian\u00e7a e do Adolescente (ECA) para estender o atendimento m\u00e9dico e psicol\u00f3gico a essa popula\u00e7\u00e3o.<\/p>\n<p>O texto foi apresentado, originalmente, pela deputada federal Laura Carneiro (PSD-RJ) e segue para san\u00e7\u00e3o do presidente Luiz In\u00e1cio Lula da Silva. A congressista afirma que, embora exista uma lei que garanta o acesso a creche aos filhos de at\u00e9 7 anos cujas m\u00e3es estejam encarceradas, \u201cna grande maioria dos estados brasileiros, a determina\u00e7\u00e3o n\u00e3o \u00e9 cumprida\u201d.<\/p>\n<p>A deputada avalia que a san\u00e7\u00e3o da lei pode \u201ctornar o processo de conv\u00edvio familiar e social menos tortuoso, ressignificando as viv\u00eancias e trazendo bases para que seja constru\u00eddo um novo futuro para todos\u201d.<\/p>\n<p><strong>Filhos de presos podem sofrer com traumas, diz senador petista<\/strong><br \/>Antes da vota\u00e7\u00e3o no plen\u00e1rio, o texto passou pelas comiss\u00f5es de Assuntos Sociais (CAS) e de Direitos Humanos (CDH), tendo sido aprovado em ambas.<\/p>\n<p>Na CAS, a mat\u00e9ria recebeu parecer favor\u00e1vel do senador Paulo Paim (PT-RS). Ele apontou que crian\u00e7as e adolescentes que testemunham eventos violentos podem desenvolver o transtorno de estresse p\u00f3s-traum\u00e1tico.<\/p>\n<p>O senador afirmou que o projeto contribuir\u00e1 para diminuir o sofrimento das crian\u00e7as e adolescentes. \u201c\u00c9 o m\u00ednimo que se espera do Estado brasileiro para proteger a sa\u00fade mental de nossos jovens.\u201d<\/p>\n<p>Relatora na CDH, a senadora Professora Dorinha Seabra (Uni\u00e3o-TO) apontou as consequ\u00eancias da dor psicol\u00f3gica no futuro dos jovens. \u201cN\u00e3o podemos assistir a nossas crian\u00e7as e adolescentes serem \u2018estropiados\u2019 psicologicamente, adentrando a idade adulta com pouco mais do que medo e raiva.\u201d<\/p>\n<p>Respons\u00e1vel pela relatoria na C\u00e2mara, a deputada Amanda Gentil (PP-MA) aprovou a proposta. \u201cCom rela\u00e7\u00e3o \u00e0s que tiverem qualquer dos pais ou respons\u00e1veis vitimados por grave viol\u00eancia, cumpre observar que morte parental associada a circunst\u00e2ncias violentas traz importantes repercuss\u00f5es para o luto infantil, representando um fator de risco para o desenvolvimento\u201d.<\/p>\n<p>Concluiu a congressista: \u201cQuanto \u00e0s crian\u00e7as e aos adolescentes cujos pais ou respons\u00e1veis estejam presos em regime fechado, igualmente se faz necess\u00e1rio aprimorar a pol\u00edtica de atendimento visando inclu\u00ed-las, haja vista que essas pessoas, ainda em desenvolvimento, s\u00e3o inegavelmente estigmatizadas.\u201d<\/p>\n<p>Com informa\u00e7\u00f5es da Ag\u00eancia Senado e Ag\u00eancia C\u00e2mara de Not\u00edcias<\/p>\n<p>Fonte: Revista Oeste<\/p>\n<\/p><\/div>\n<p><br \/>\n<br \/><a href=\"https:\/\/diariodobrasilnoticias.com.br\/noticia\/senado-aprova-a-oferta-de-atendimento-psicologico-para-filhos-de-pessoas-presas-66e964971247a\">Source link <\/a><\/p>","protected":false},"excerpt":{"rendered":"<p>O Senado Federal aprovou, na \u00faltima sexta-feira, 13, o direito ao atendimento m\u00e9dico e psicossocial a filhos de presos e de v\u00edtimas de viol\u00eancia grave. A proposta altera o Estatuto&hellip;<\/p>","protected":false},"author":1,"featured_media":38327,"comment_status":"closed","ping_status":"open","sticky":false,"template":"","format":"standard","meta":{"content-type":"","footnotes":""},"categories":[16],"tags":[123,2448,5313,1267],"class_list":["post-38326","post","type-post","status-publish","format-standard","has-post-thumbnail","hentry","category-noticias","tag-brasil","tag-diario","tag-noticia","tag-noticias"],"_links":{"self":[{"href":"https:\/\/tvbrazilusa.com\/pt\/wp-json\/wp\/v2\/posts\/38326","targetHints":{"allow":["GET"]}}],"collection":[{"href":"https:\/\/tvbrazilusa.com\/pt\/wp-json\/wp\/v2\/posts"}],"about":[{"href":"https:\/\/tvbrazilusa.com\/pt\/wp-json\/wp\/v2\/types\/post"}],"author":[{"embeddable":true,"href":"https:\/\/tvbrazilusa.com\/pt\/wp-json\/wp\/v2\/users\/1"}],"replies":[{"embeddable":true,"href":"https:\/\/tvbrazilusa.com\/pt\/wp-json\/wp\/v2\/comments?post=38326"}],"version-history":[{"count":1,"href":"https:\/\/tvbrazilusa.com\/pt\/wp-json\/wp\/v2\/posts\/38326\/revisions"}],"predecessor-version":[{"id":38328,"href":"https:\/\/tvbrazilusa.com\/pt\/wp-json\/wp\/v2\/posts\/38326\/revisions\/38328"}],"wp:featuredmedia":[{"embeddable":true,"href":"https:\/\/tvbrazilusa.com\/pt\/wp-json\/wp\/v2\/media\/38327"}],"wp:attachment":[{"href":"https:\/\/tvbrazilusa.com\/pt\/wp-json\/wp\/v2\/media?parent=38326"}],"wp:term":[{"taxonomy":"category","embeddable":true,"href":"https:\/\/tvbrazilusa.com\/pt\/wp-json\/wp\/v2\/categories?post=38326"},{"taxonomy":"post_tag","embeddable":true,"href":"https:\/\/tvbrazilusa.com\/pt\/wp-json\/wp\/v2\/tags?post=38326"}],"curies":[{"name":"wp","href":"https:\/\/api.w.org\/{rel}","templated":true}]}}