{"id":38335,"date":"2024-09-17T13:34:09","date_gmt":"2024-09-17T13:34:09","guid":{"rendered":"https:\/\/tvbrazilusa.com\/2024\/09\/17\/maduro-chama-de-terroristas-os-espanhois-presos-na-venezuela-por-suposto-complo\/"},"modified":"2024-09-17T13:34:10","modified_gmt":"2024-09-17T13:34:10","slug":"maduro-chama-de-terroristas-os-espanhois-presos-na-venezuela-por-suposto-complo","status":"publish","type":"post","link":"https:\/\/tvbrazilusa.com\/pt\/2024\/09\/17\/maduro-chama-de-terroristas-os-espanhois-presos-na-venezuela-por-suposto-complo\/","title":{"rendered":"Maduro chama de &#8216;terroristas&#8217; os espanh\u00f3is presos na Venezuela por suposto &#8216;compl\u00f4&#8217;"},"content":{"rendered":"<p> <script async src=\"https:\/\/pagead2.googlesyndication.com\/pagead\/js\/adsbygoogle.js?client=ca-pub-8864793242727901\"\r\n     crossorigin=\"anonymous\"><\/script><br \/>\n<\/p>\n<div id=\"taboola-read-more\" style=\"display:block; width:100%\">\n<p tabindex=\"0\">O ditador da Venezuela, Nicol\u00e1s Maduro, chamou de \u201cterroristas\u201d os dois espanh\u00f3is detidos &#8211; que ele vincula ao Centro Nacional de Intelig\u00eancia da Espanha (CNI) &#8211; por suas supostas liga\u00e7\u00f5es com uma opera\u00e7\u00e3o de desestabiliza\u00e7\u00e3o contra seu regime.<\/p>\n<p tabindex=\"0\">Em seu programa semanal transmitido pela emissora estatal de televis\u00e3o\u00a0<em>VTV<\/em>, Maduro disse que os dois cidad\u00e3os do pa\u00eds europeu s\u00e3o \u201cagentes infiltrados\u201d do CNI e rejeitou as declara\u00e7\u00f5es dos pais dos espanh\u00f3is de que eles estavam na Venezuela como turistas, depois de terem visitado a Col\u00f4mbia.<\/p>\n<p tabindex=\"0\">Maduro afirmou que os dois \u201cforam capturados e que est\u00e3o condenados, s\u00e3o confessos e com provas cabais das a\u00e7\u00f5es que estavam realizando dentro da Venezuela para assassinar pessoas, colocar bombas, etc.\u201d.<\/p>\n<p tabindex=\"0\">\u201cAgora dizem que eles eram bons rapazes, turistas, que estavam passeando e foram capturados\u201d, disse Maduro, com ironia, al\u00e9m de acrescentar, sem apresentar provas, que &#8220;\u00e9 muito surpreendente que o CNI espanhol esteja envolvido em opera\u00e7\u00f5es contra a Venezuela&#8221;.<\/p>\n<p tabindex=\"0\">Por sua vez, o ministro do Interior da Venezuela, Diosdado Cabello, aliado de Maduro e n\u00famero 2 do chavismo, disse que o CNI, apesar de estar vinculada ao Minist\u00e9rio da Defesa da Espanha, \u00e9 uma \u201centidade totalmente aut\u00f4noma\u201d que \u201crealiza opera\u00e7\u00f5es em todo o mundo, cumprindo as instru\u00e7\u00f5es dadas pela (ag\u00eancia de intelig\u00eancia dos Estados Unidos) CIA&#8221;.<\/p>\n<p tabindex=\"0\">Os espanh\u00f3is s\u00e3o Andr\u00e9s Mart\u00ednez Adasme e Jos\u00e9 Mar\u00eda Basoa Valdovinos, de 32 e 35 anos, respectivamente, que foram detidos em Puerto Ayacucho e em cujos telefones, de acordo com o regime venezuelano, foram encontradas conversas nas quais eles perguntavam \u201ccomo comprar explosivos\u201d e \u201ccontatar grupos que queriam fazer algum trabalho especial\u201d.<\/p>\n<p tabindex=\"0\">O Minist\u00e9rio das Rela\u00e7\u00f5es Exteriores da Espanha negou que o pa\u00eds esteja envolvido em uma \u201copera\u00e7\u00e3o de desestabiliza\u00e7\u00e3o pol\u00edtica\u201d na Venezuela e \u201crejeitou categoricamente qualquer insinua\u00e7\u00e3o\u201d nesse sentido.<\/p>\n<p tabindex=\"0\">A pasta tamb\u00e9m negou que os dois detidos fa\u00e7am ou tenham feito parte do CNI, como alegou a ditadura chavista, ou que trabalhem para qualquer outro \u00f3rg\u00e3o estatal.<\/p>\n<p tabindex=\"0\">De acordo com as fam\u00edlias dos espanh\u00f3is, ambos estavam na Venezuela como turistas. No \u00faltimo dia 9, sem terem not\u00edcias sobre os dois, elas relataram em redes sociais e \u00e0 pol\u00edcia o desaparecimento deles.\u00a0<strong>(Com Ag\u00eancia EFE)<\/strong><\/p>\n<p tabindex=\"0\">\u00a0<\/p>\n<p tabindex=\"0\"><strong>Fonte: Gazeta do Povo<\/strong><\/p>\n<\/p><\/div>\n<p><br \/>\n<br \/><a href=\"https:\/\/diariodobrasilnoticias.com.br\/noticia\/maduro-chama-de-terroristas-os-espanhois-presos-na-venezuela-por-suposto-complo-66e965b72d2c3\">Source link <\/a><\/p>","protected":false},"excerpt":{"rendered":"<p>O ditador da Venezuela, Nicol\u00e1s Maduro, chamou de \u201cterroristas\u201d os dois espanh\u00f3is detidos &#8211; que ele vincula ao Centro Nacional de Intelig\u00eancia da Espanha (CNI) &#8211; por suas supostas liga\u00e7\u00f5es&hellip;<\/p>","protected":false},"author":1,"featured_media":38336,"comment_status":"closed","ping_status":"open","sticky":false,"template":"","format":"standard","meta":{"content-type":"","footnotes":""},"categories":[16],"tags":[123,2448,5313,1267],"class_list":["post-38335","post","type-post","status-publish","format-standard","has-post-thumbnail","hentry","category-noticias","tag-brasil","tag-diario","tag-noticia","tag-noticias"],"_links":{"self":[{"href":"https:\/\/tvbrazilusa.com\/pt\/wp-json\/wp\/v2\/posts\/38335","targetHints":{"allow":["GET"]}}],"collection":[{"href":"https:\/\/tvbrazilusa.com\/pt\/wp-json\/wp\/v2\/posts"}],"about":[{"href":"https:\/\/tvbrazilusa.com\/pt\/wp-json\/wp\/v2\/types\/post"}],"author":[{"embeddable":true,"href":"https:\/\/tvbrazilusa.com\/pt\/wp-json\/wp\/v2\/users\/1"}],"replies":[{"embeddable":true,"href":"https:\/\/tvbrazilusa.com\/pt\/wp-json\/wp\/v2\/comments?post=38335"}],"version-history":[{"count":1,"href":"https:\/\/tvbrazilusa.com\/pt\/wp-json\/wp\/v2\/posts\/38335\/revisions"}],"predecessor-version":[{"id":38337,"href":"https:\/\/tvbrazilusa.com\/pt\/wp-json\/wp\/v2\/posts\/38335\/revisions\/38337"}],"wp:featuredmedia":[{"embeddable":true,"href":"https:\/\/tvbrazilusa.com\/pt\/wp-json\/wp\/v2\/media\/38336"}],"wp:attachment":[{"href":"https:\/\/tvbrazilusa.com\/pt\/wp-json\/wp\/v2\/media?parent=38335"}],"wp:term":[{"taxonomy":"category","embeddable":true,"href":"https:\/\/tvbrazilusa.com\/pt\/wp-json\/wp\/v2\/categories?post=38335"},{"taxonomy":"post_tag","embeddable":true,"href":"https:\/\/tvbrazilusa.com\/pt\/wp-json\/wp\/v2\/tags?post=38335"}],"curies":[{"name":"wp","href":"https:\/\/api.w.org\/{rel}","templated":true}]}}