{"id":38355,"date":"2024-09-17T14:40:38","date_gmt":"2024-09-17T14:40:38","guid":{"rendered":"https:\/\/tvbrazilusa.com\/2024\/09\/17\/medico-afirma-que-pablo-marcal-simulou-lesao-mas-sua-declaracao-e-contestada\/"},"modified":"2024-09-17T14:40:39","modified_gmt":"2024-09-17T14:40:39","slug":"medico-afirma-que-pablo-marcal-simulou-lesao-mas-sua-declaracao-e-contestada","status":"publish","type":"post","link":"https:\/\/tvbrazilusa.com\/pt\/2024\/09\/17\/medico-afirma-que-pablo-marcal-simulou-lesao-mas-sua-declaracao-e-contestada\/","title":{"rendered":"M\u00e9dico afirma que Pablo Mar\u00e7al simulou les\u00e3o, mas sua declara\u00e7\u00e3o \u00e9 contestada"},"content":{"rendered":"<p> <script async src=\"https:\/\/pagead2.googlesyndication.com\/pagead\/js\/adsbygoogle.js?client=ca-pub-8864793242727901\"\r\n     crossorigin=\"anonymous\"><\/script><br \/>\n<\/p>\n<div id=\"taboola-read-more\" style=\"display:block; width:100%\">\n<p>O m\u00e9dico Bruno Gino, mestre pela Universidade de Ont\u00e1rio e especialista em Sa\u00fade P\u00fablica no Canad\u00e1, afirmou que Pablo Mar\u00e7al fingiu les\u00e3o ap\u00f3s ser atacado por Jos\u00e9 Luiz Datena, com uma cadeira, no domingo (15\/9). Formado na Universidade Estadual do Sudoeste da Bahia, Gino usou uma foto divulgada por Mar\u00e7al para avaliar que o empres\u00e1rio n\u00e3o teria falado a verdade sobre seu quadro cl\u00ednico. A publica\u00e7\u00e3o gerou revolta entre apoiadores de Mar\u00e7al.<\/p>\n<p>\u201cSou m\u00e9dico h\u00e1 quase 10 anos, mestre pela University of Ontario e professor da disciplina de Emerg\u00eancia em uma escola de medicina na Am\u00e9rica do Norte por mais mais de tr\u00eas anos. Posso afirmar uma coisa com muita propriedade: Se algu\u00e9m chegar at\u00e9 voc\u00ea dizendo que teve uma fratura de costela e falta de ar com uma pulseira dessa cor [indicando que o caso n\u00e3o \u00e9 grave], o c\u00f3digo do CID \u00e9 Z765\u201d, escreveu Gino em uma rede social.<\/p>\n<p>A Classifica\u00e7\u00e3o Estat\u00edstica Internacional de Doen\u00e7as e Problemas Relacionados com a Sa\u00fade, mais conhecida como CID, estabelece c\u00f3digos alfanum\u00e9ricos para les\u00f5es, doen\u00e7as e outras condi\u00e7\u00f5es de sa\u00fade, para uma padroniza\u00e7\u00e3o internacional. O CID Z765 se refere a \u201cpessoa fingindo estar doente\u201d, em uma \u201csimula\u00e7\u00e3o consciente\u201d.<\/p>\n<p>J\u00e1 a cor da pulseira citada pelo m\u00e9dico segue o chamado Protocolo de Manchester, tamb\u00e9m internacional. A pulseira da cor verde, como a usada por Mar\u00e7al na foto divulgada no hospital, indica paciente com \u201cpouca urg\u00eancia\u201d, que pode \u201caguardar atendimento ou ser encaminhado a outros servi\u00e7os de sa\u00fade\u201d. A previs\u00e3o de atendimento nesses casos \u00e9 de 120 minutos.<\/p>\n<p>Ap\u00f3s a postagem, internautas se dividiram sobre a declara\u00e7\u00e3o do m\u00e9dico, que \u00e9 admirador de Lula e cr\u00edtico de Bolsonaro. \u201c[Pablo Mar\u00e7al] foi no hospital s\u00f3 para pegar o atestado\u201d, disse uma seguidora. \u201cJ\u00e1 conhecemos essa estrat\u00e9gia, n\u00e9, doutor? Essa gente pensa que todos t\u00eam QI baixo\u201d, afirmou outra.<\/p>\n<p>J\u00e1 apoiadores de Pablo Mar\u00e7al lembraram que um laudo m\u00e9dico do Hospital S\u00edrio-Liban\u00eas apontou \u201ctraumatismo\u201d na regi\u00e3o tor\u00e1cica e na m\u00e3o direita do candidato. \u201cEnt\u00e3o o boletim m\u00e9dico foi fraudado? Pois foi assinado pelos m\u00e9dicos: Dr. Luiz Francisco Cardoso, diretor de governan\u00e7a cl\u00ednica, e Dra. Marina Sahade, vice-diretora cl\u00ednica. Hospital S\u00edrio-Liban\u00eas. PS: Se puder responder de forma direta, agrade\u00e7o, pois estou esperando pra tirar uma print\u201d, escreve um seguidor.<\/p>\n<p>\u201cVoc\u00ea \u00e9 m\u00e9dico e n\u00e3o sabe que a pulseira dentro da interna\u00e7\u00e3o n\u00e3o tem nada a ver com a classifica\u00e7\u00e3o de triagem de risco. Por exemplo: na UTI que trabalho, a pulseira de identifica\u00e7\u00e3o \u00e9 branca, a de risco de les\u00e3o por press\u00e3o \u00e9 verde, a de risco de quedas \u00e9 laranja, e a de alergias \u00e9 vermelha. Ou seja, a triagem de risco quanto ao grau de atendimento pode ser algo utilizado somente no acolhimento. Internou? Ent\u00e3o tudo muda\u201d, criticou outro usu\u00e1rio da rede.<\/p>\n<p><strong>Agress\u00e3o<\/strong><br \/>Jos\u00e9 Luiz Datena, candidato do PSDB \u00e0 prefeitura de S\u00e3o Paulo, partiu para a agress\u00e3o f\u00edsica contra Pablo Mar\u00e7al, do PRTB, durante o debate realizado pela TV Cultura. A agress\u00e3o aconteceu ap\u00f3s Datena ser provocado por Mar\u00e7al devido a uma acusa\u00e7\u00e3o de ass\u00e9dio contra ele, arquivada pela Justi\u00e7a.<\/p>\n<p>\u201cVoc\u00ea \u00e9 um arreg\u00e3o. Atravessou o debate esses dias para me dar um tapa e falou que queria ter feito. Voc\u00ea n\u00e3o \u00e9 homem nem para fazer isso\u201d, provocou Mar\u00e7al. Datena deixou seu p\u00falpito no est\u00fadio, pegou uma cadeira e foi at\u00e9 o empres\u00e1rio. Mar\u00e7al provocou mais uma vez: \u201cVai!\u201d. Nesse momento, o apresentador acertou a cadeirada no lado direito do corpo do empres\u00e1rio.<\/p>\n<p>O debate foi paralisado e Datena foi expulso. Mar\u00e7al deixou o local e seguiu para o hospital. Em seguida, o debate prosseguiu com os outros quatro candidatos \u2014 Ricardo Nunes (MDB), Guilherme Boulos (PSol), Tabata Amaral (PSB) e Marina Helena (Novo). Mar\u00e7al foi liberado do hospital e seu boletim m\u00e9dico apontou que o candidato apresentou \u201ctraumatismo na regi\u00e3o do t\u00f3rax \u00e0 direita e em punho direito, sem maiores complica\u00e7\u00f5es associadas\u201d.<\/p>\n<p>Fonte: Metr\u00f3poles<\/p>\n<\/p><\/div>\n<p><br \/>\n<br \/><a href=\"https:\/\/diariodobrasilnoticias.com.br\/noticia\/medico-afirma-que-pablo-marcal-simulou-lesao-mas-sua-declaracao-e-contestada-66e97691ab47e\">Source link <\/a><\/p>","protected":false},"excerpt":{"rendered":"<p>O m\u00e9dico Bruno Gino, mestre pela Universidade de Ont\u00e1rio e especialista em Sa\u00fade P\u00fablica no Canad\u00e1, afirmou que Pablo Mar\u00e7al fingiu les\u00e3o ap\u00f3s ser atacado por Jos\u00e9 Luiz Datena, com&hellip;<\/p>","protected":false},"author":1,"featured_media":38356,"comment_status":"closed","ping_status":"open","sticky":false,"template":"","format":"standard","meta":{"content-type":"","footnotes":""},"categories":[16],"tags":[123,2448,5313,1267],"class_list":["post-38355","post","type-post","status-publish","format-standard","has-post-thumbnail","hentry","category-noticias","tag-brasil","tag-diario","tag-noticia","tag-noticias"],"_links":{"self":[{"href":"https:\/\/tvbrazilusa.com\/pt\/wp-json\/wp\/v2\/posts\/38355","targetHints":{"allow":["GET"]}}],"collection":[{"href":"https:\/\/tvbrazilusa.com\/pt\/wp-json\/wp\/v2\/posts"}],"about":[{"href":"https:\/\/tvbrazilusa.com\/pt\/wp-json\/wp\/v2\/types\/post"}],"author":[{"embeddable":true,"href":"https:\/\/tvbrazilusa.com\/pt\/wp-json\/wp\/v2\/users\/1"}],"replies":[{"embeddable":true,"href":"https:\/\/tvbrazilusa.com\/pt\/wp-json\/wp\/v2\/comments?post=38355"}],"version-history":[{"count":1,"href":"https:\/\/tvbrazilusa.com\/pt\/wp-json\/wp\/v2\/posts\/38355\/revisions"}],"predecessor-version":[{"id":38357,"href":"https:\/\/tvbrazilusa.com\/pt\/wp-json\/wp\/v2\/posts\/38355\/revisions\/38357"}],"wp:featuredmedia":[{"embeddable":true,"href":"https:\/\/tvbrazilusa.com\/pt\/wp-json\/wp\/v2\/media\/38356"}],"wp:attachment":[{"href":"https:\/\/tvbrazilusa.com\/pt\/wp-json\/wp\/v2\/media?parent=38355"}],"wp:term":[{"taxonomy":"category","embeddable":true,"href":"https:\/\/tvbrazilusa.com\/pt\/wp-json\/wp\/v2\/categories?post=38355"},{"taxonomy":"post_tag","embeddable":true,"href":"https:\/\/tvbrazilusa.com\/pt\/wp-json\/wp\/v2\/tags?post=38355"}],"curies":[{"name":"wp","href":"https:\/\/api.w.org\/{rel}","templated":true}]}}