{"id":38361,"date":"2024-09-17T15:09:37","date_gmt":"2024-09-17T15:09:37","guid":{"rendered":"https:\/\/tvbrazilusa.com\/2024\/09\/17\/miriam-leitao-e-selecionada-para-receber-o-trofeu-de-intelectual-do-ano\/"},"modified":"2024-09-17T15:09:38","modified_gmt":"2024-09-17T15:09:38","slug":"miriam-leitao-e-selecionada-para-receber-o-trofeu-de-intelectual-do-ano","status":"publish","type":"post","link":"https:\/\/tvbrazilusa.com\/pt\/2024\/09\/17\/miriam-leitao-e-selecionada-para-receber-o-trofeu-de-intelectual-do-ano\/","title":{"rendered":"M\u00edriam Leit\u00e3o \u00e9 selecionada para receber o trof\u00e9u de Intelectual do ano"},"content":{"rendered":"<p> <script async src=\"https:\/\/pagead2.googlesyndication.com\/pagead\/js\/adsbygoogle.js?client=ca-pub-8864793242727901\"\r\n     crossorigin=\"anonymous\"><\/script><br \/>\n<\/p>\n<div>\n<figure class=\"post-image\">\n<\/figure>\n<p><span style=\"font-size: 12px\"> Foto: Reprodu\u00e7\u00e3o \/ Globoplay<\/span><\/p>\n<div id=\"taboola-read-more\" style=\"display:block; width:100%\">\n<p>A jornalista M\u00edriam Leit\u00e3o foi escolhida como a intelectual do ano de 2024 do Trof\u00e9u Juca Pato, que premia, desde 1962, pensadores de relev\u00e2ncia nacional. A escolha de seu nome foi feita ap\u00f3s ter publicado o relato jornal\u00edstico Amaz\u00f4nia na encruzilhada: O Poder da Destrui\u00e7\u00e3o e o Tempo das Possibilidades, da editora Intr\u00ednseca.<\/p>\n<p>A entrega do pr\u00eamio acontecer\u00e1 durante Festival Liter\u00e1rio Internacional de Itabira (Flitabira), que acontecer\u00e1 entre os dias 30 de outubro e 3 de novembro na cidade mineira.<\/p>\n<p>M\u00edriam teve como concorrentes a professora e escritora ind\u00edgena Eliane Potiguara com o livro O Vento Espalha Minha Voz Origin\u00e1ria (Grumin Edi\u00e7\u00f5es). Jo\u00e3o Silv\u00e9rio Trevisan tamb\u00e9m entrou na lista ap\u00f3s o lan\u00e7amento da sua autofic\u00e7\u00e3o Meu Irm\u00e3o, Eu Mesmo (Alfaguara).<\/p>\n<p>A escritora Maria Val\u00e9ria Rezende era uma das candidatas ao trof\u00e9u por seu livro de contos O Mist\u00e9rio de Digiolho (Outubro Edi\u00e7\u00f5es). E, por \u00faltimo, tamb\u00e9m concorreu ao pr\u00eamio a jornalista e escritora cearense Socorro Acioli, com o romance Ora\u00e7\u00e3o Para Desaparecer (Companhia das Letras).<\/p>\n<p>O Trof\u00e9u Juca Pato foi criado em 1962 pelo escritor Marcos Rey. Trata-se de uma homenagem ao Intelectual do Ano que \u00e9 dado a uma personalidade que se destaque em qualquer \u00e1rea do conhecimento por sua obra liter\u00e1ria, que deve ter sido publicada no ano anterior. Al\u00e9m disso, conta tamb\u00e9m sua contribui\u00e7\u00e3o para \u201co desenvolvimento e prest\u00edgio do pa\u00eds na defesa dos valores humanos, democr\u00e1ticos e republicanos\u201d.<\/p>\n<p>*AE<\/p>\n<p>Fonte: Pleno News<\/p>\n<\/p><\/div>\n<div class=\"row mt-3\">\n<div class=\"col-sm-6\">\n<p><a href=\"https:\/\/chat.whatsapp.com\/GwURnmOyPiN1XheGYvCspN\" target=\"_blank\" rel=\"noopener\"><br \/>\n<img decoding=\"async\" src=\"https:\/\/diariodobrasilnoticias.com.br\/assets-site\/images\/bot_whatsapp.png\"\/><\/a>\n<\/div>\n<div class=\"col-sm-6\">\n<a href=\"https:\/\/t.me\/+_4gTmi5LKo03OTM5\" target=\"_blank\" rel=\"noopener\"><br \/>\n<img decoding=\"async\" src=\"https:\/\/diariodobrasilnoticias.com.br\/assets-site\/images\/bot_telegram.png\"\/><\/a>\n<\/div>\n<\/div>\n<\/div>\n<p><br \/>\n<br \/><a href=\"https:\/\/diariodobrasilnoticias.com.br\/noticia\/miriam-leitao-e-selecionada-para-receber-o-trofeu-de-intelectual-do-ano-66e97cd238483\">Source link <\/a><\/p>","protected":false},"excerpt":{"rendered":"<p>Foto: Reprodu\u00e7\u00e3o \/ Globoplay A jornalista M\u00edriam Leit\u00e3o foi escolhida como a intelectual do ano de 2024 do Trof\u00e9u Juca Pato, que premia, desde 1962, pensadores de relev\u00e2ncia nacional. A&hellip;<\/p>","protected":false},"author":1,"featured_media":38362,"comment_status":"closed","ping_status":"open","sticky":false,"template":"","format":"standard","meta":{"content-type":"","footnotes":""},"categories":[16],"tags":[123,2448,5313,1267],"class_list":["post-38361","post","type-post","status-publish","format-standard","has-post-thumbnail","hentry","category-noticias","tag-brasil","tag-diario","tag-noticia","tag-noticias"],"_links":{"self":[{"href":"https:\/\/tvbrazilusa.com\/pt\/wp-json\/wp\/v2\/posts\/38361","targetHints":{"allow":["GET"]}}],"collection":[{"href":"https:\/\/tvbrazilusa.com\/pt\/wp-json\/wp\/v2\/posts"}],"about":[{"href":"https:\/\/tvbrazilusa.com\/pt\/wp-json\/wp\/v2\/types\/post"}],"author":[{"embeddable":true,"href":"https:\/\/tvbrazilusa.com\/pt\/wp-json\/wp\/v2\/users\/1"}],"replies":[{"embeddable":true,"href":"https:\/\/tvbrazilusa.com\/pt\/wp-json\/wp\/v2\/comments?post=38361"}],"version-history":[{"count":1,"href":"https:\/\/tvbrazilusa.com\/pt\/wp-json\/wp\/v2\/posts\/38361\/revisions"}],"predecessor-version":[{"id":38363,"href":"https:\/\/tvbrazilusa.com\/pt\/wp-json\/wp\/v2\/posts\/38361\/revisions\/38363"}],"wp:featuredmedia":[{"embeddable":true,"href":"https:\/\/tvbrazilusa.com\/pt\/wp-json\/wp\/v2\/media\/38362"}],"wp:attachment":[{"href":"https:\/\/tvbrazilusa.com\/pt\/wp-json\/wp\/v2\/media?parent=38361"}],"wp:term":[{"taxonomy":"category","embeddable":true,"href":"https:\/\/tvbrazilusa.com\/pt\/wp-json\/wp\/v2\/categories?post=38361"},{"taxonomy":"post_tag","embeddable":true,"href":"https:\/\/tvbrazilusa.com\/pt\/wp-json\/wp\/v2\/tags?post=38361"}],"curies":[{"name":"wp","href":"https:\/\/api.w.org\/{rel}","templated":true}]}}