{"id":38364,"date":"2024-09-17T14:33:19","date_gmt":"2024-09-17T14:33:19","guid":{"rendered":"https:\/\/tvbrazilusa.com\/2024\/09\/17\/o-vacuo-de-governanca-de-lula-orna-com-a-vaidade-de-flavio-dino-avalia-estadao-paulo-figueiredo\/"},"modified":"2024-09-17T15:20:50","modified_gmt":"2024-09-17T15:20:50","slug":"o-vacuo-de-governanca-de-lula-orna-com-a-vaidade-de-flavio-dino-avalia-estadao-paulo-figueiredo","status":"publish","type":"post","link":"https:\/\/tvbrazilusa.com\/pt\/2024\/09\/17\/o-vacuo-de-governanca-de-lula-orna-com-a-vaidade-de-flavio-dino-avalia-estadao-paulo-figueiredo\/","title":{"rendered":"O v\u00e1cuo de governan\u00e7a de Lula orna com a vaidade de Fl\u00e1vio Dino, avalia Estad\u00e3o &#8211; Paulo Figueiredo"},"content":{"rendered":"<p> <script async src=\"https:\/\/pagead2.googlesyndication.com\/pagead\/js\/adsbygoogle.js?client=ca-pub-8864793242727901\"\r\n     crossorigin=\"anonymous\"><\/script><br \/>\n<\/p>\n<div id=\"wtr-content\" data-bg=\"#FFFFFF\" data-fg=\"#006d91\" data-width=\"25\" data-mute=\"1\" data-fgopacity=\"1.00\" data-mutedopacity=\"0.5\" data-placement=\"bottom\" data-placement-offset=\"0\" data-content-offset=\"262\" data-placement-touch=\"bottom\" data-placement-offset-touch=\"0\" data-transparent=\"\" data-shadow=\"0\" data-touch=\"1\" data-non-touch=\"1\" data-comments=\"0\" data-commentsbg=\"transparent\" data-location=\"page\" data-mutedfg=\"#006d91\" data-endfg=\"#006d91\" data-rtl=\"\">\n<pre class=\"wp-block-preformatted has-small-font-size\">Foto - Sergio Lima<\/pre>\n<h3 class=\"wp-block-heading\">Ministro do STF \u2018autorizou\u2019 a abertura de cr\u00e9ditos para evitar que o presidente incorra em crime de responsabilidade<\/h3>\n<p>No domingo 15, Fl\u00e1vio Dino, membro do Supremo Tribunal Federal (STF), mandou o governo de Luiz In\u00e1cio Lula da Silva apresentar um plano\u00a0de combate a inc\u00eandios florestais.\u00a0<strong>Tamb\u00e9m \u201cautorizou\u201d a abertura de cr\u00e9dito extraordin\u00e1rio<\/strong>\u00a0para mitigar as queimadas e secas na Amaz\u00f4nia e Pantanal. O conforto do presidente diante da \u201cdecis\u00e3o monocr\u00e1tica\u201d do \u201cministro novato\u201d foi o tema do editorial de opini\u00e3o do jornal\u00a0<em>O Estado de S. Paulo<\/em>\u00a0desta ter\u00e7a-feira, 17.<\/p>\n<p>O texto afirma que, com uma canetada, \u201cDino permitiu a cria\u00e7\u00e3o de mais uma exce\u00e7\u00e3o \u00e0s regras do maltratado arcabou\u00e7o fiscal, autorizando a cria\u00e7\u00e3o de dinheiro m\u00e1gico, inexistente no planejamento oficial, com o evidente prop\u00f3sito de evitar que o presidente incorra em crime de responsabilidade\u201d.<\/p>\n<blockquote class=\"wp-block-quote is-layout-flow wp-block-quote-is-layout-flow\">\n<p>\u201cDino n\u00e3o pode acordar num belo dia e, ao tomar conhecimento de que mais da metade do pa\u00eds est\u00e1 coberta por uma espessa nuvem de fuma\u00e7a, determinar o que o governo federal deve fazer; nem muito menos cabe a ele dizer de onde h\u00e3o de vir os recursos para custear as a\u00e7\u00f5es\u201d, analisou o jornal.<\/p>\n<\/blockquote>\n<h3 class=\"wp-block-heading\">Lula e Fl\u00e1vio Dino diante da \u2018bagun\u00e7a institucional\u2019 no Brasil<\/h3>\n<p>Para o\u00a0<em>Estad\u00e3o<\/em>, o comportamento de Dino \u201cindica que essa bagun\u00e7a institucional instalada no Brasil dificilmente ser\u00e1 arrumada\u201d. Pelo menos at\u00e9 que \u201ca vaidade, as opini\u00f5es pessoais e as agendas pol\u00edticas sejam postas de lado\u201d.<\/p>\n<p>E, \u201cpara justificar o injustific\u00e1vel\u201d, Dino chegou a comparar os inc\u00eandios \u00e0s enchentes que devastaram o Rio Grande do Sul. \u201cComo se o governo Lula n\u00e3o tivesse recebido in\u00fameros alertas ao longo deste ano sobre o descontrole das queimadas (\u2026) enquanto as chuvas sobre os ga\u00fachos eram imprevis\u00edveis naquele volume\u201d, comparou o editorial.<\/p>\n<p>A publica\u00e7\u00e3o conclui que o ministro do STF \u00e9 um juiz que \u201cjamais deixou de ser pol\u00edtico\u201d. E que foi indicado por Lula ao cargo exatamente por esse motivo.\u00a0<\/p>\n<p><strong><a href=\"https:\/\/revistaoeste.com\/imprensa\/o-vacuo-de-governanca-de-lula-orna-com-a-vaidade-de-flavio-dino-avalia-emestadao-em\/\">Source link<\/a><\/strong><\/p>\n<\/div>\n<p><br \/>\n<br \/><a href=\"https:\/\/paulofigueiredoshow.com\/o-vacuo-de-governanca-de-lula-orna-com-a-vaidade-de-flavio-dino-avalia-estadao\/\">Source link <\/a><\/p>","protected":false},"excerpt":{"rendered":"<p>Foto &#8211; Sergio Lima Ministro do STF \u2018autorizou\u2019 a abertura de cr\u00e9ditos para evitar que o presidente incorra em crime de responsabilidade No domingo 15, Fl\u00e1vio Dino, membro do Supremo&hellip;<\/p>","protected":false},"author":1,"featured_media":38365,"comment_status":"closed","ping_status":"open","sticky":false,"template":"","format":"standard","meta":{"content-type":"","footnotes":""},"categories":[16],"tags":[20771,5493,336,89,8088,871,20772],"class_list":["post-38364","post","type-post","status-publish","format-standard","has-post-thumbnail","hentry","category-noticias","tag-autorizou","tag-dino","tag-governo","tag-lula","tag-queimadas","tag-stf","tag-vacuo"],"_links":{"self":[{"href":"https:\/\/tvbrazilusa.com\/pt\/wp-json\/wp\/v2\/posts\/38364","targetHints":{"allow":["GET"]}}],"collection":[{"href":"https:\/\/tvbrazilusa.com\/pt\/wp-json\/wp\/v2\/posts"}],"about":[{"href":"https:\/\/tvbrazilusa.com\/pt\/wp-json\/wp\/v2\/types\/post"}],"author":[{"embeddable":true,"href":"https:\/\/tvbrazilusa.com\/pt\/wp-json\/wp\/v2\/users\/1"}],"replies":[{"embeddable":true,"href":"https:\/\/tvbrazilusa.com\/pt\/wp-json\/wp\/v2\/comments?post=38364"}],"version-history":[{"count":1,"href":"https:\/\/tvbrazilusa.com\/pt\/wp-json\/wp\/v2\/posts\/38364\/revisions"}],"predecessor-version":[{"id":38366,"href":"https:\/\/tvbrazilusa.com\/pt\/wp-json\/wp\/v2\/posts\/38364\/revisions\/38366"}],"wp:featuredmedia":[{"embeddable":true,"href":"https:\/\/tvbrazilusa.com\/pt\/wp-json\/wp\/v2\/media\/38365"}],"wp:attachment":[{"href":"https:\/\/tvbrazilusa.com\/pt\/wp-json\/wp\/v2\/media?parent=38364"}],"wp:term":[{"taxonomy":"category","embeddable":true,"href":"https:\/\/tvbrazilusa.com\/pt\/wp-json\/wp\/v2\/categories?post=38364"},{"taxonomy":"post_tag","embeddable":true,"href":"https:\/\/tvbrazilusa.com\/pt\/wp-json\/wp\/v2\/tags?post=38364"}],"curies":[{"name":"wp","href":"https:\/\/api.w.org\/{rel}","templated":true}]}}