{"id":38369,"date":"2024-09-17T15:39:06","date_gmt":"2024-09-17T15:39:06","guid":{"rendered":"https:\/\/tvbrazilusa.com\/2024\/09\/17\/terra-vibra-por-nove-dias-apos-colapso-de-montanha-na-groenlandia\/"},"modified":"2024-09-17T15:39:07","modified_gmt":"2024-09-17T15:39:07","slug":"terra-vibra-por-nove-dias-apos-colapso-de-montanha-na-groenlandia","status":"publish","type":"post","link":"https:\/\/tvbrazilusa.com\/pt\/2024\/09\/17\/terra-vibra-por-nove-dias-apos-colapso-de-montanha-na-groenlandia\/","title":{"rendered":"Terra vibra por nove dias ap\u00f3s colapso de montanha na Groenl\u00e2ndia"},"content":{"rendered":"<p> <script async src=\"https:\/\/pagead2.googlesyndication.com\/pagead\/js\/adsbygoogle.js?client=ca-pub-8864793242727901\"\r\n     crossorigin=\"anonymous\"><\/script><br \/>\n<\/p>\n<div id=\"taboola-read-more\" style=\"display:block; width:100%\">\n<p>Um deslizamento de terra na Groenl\u00e2ndia que ocorreu h\u00e1 um ano criou um tsunami que fez a Terra vibrar por nove dias, concluiu uma pesquisa liderada pelo Instituto Nacional de Pesquisa Geol\u00f3gica da Dinamarca e Groenl\u00e2ndia, publicada na quinta-feira (12) na revista cient\u00edfica Science.<\/p>\n<p>As ondas gigantes causadas pelo evento se espalharam no remoto fiorde de Dickson e geraram um sinal s\u00edsmico capaz de ser captado continuamente por sensores em ciclos de 90 segundos.<\/p>\n<p>Segundo o especialista em Sismologia Computacional da University College London (UCL) e coautor do estudo, Stephen Hicks, o fen\u00f4meno \u00e9 in\u00e9dito.<\/p>\n<p>&#8220;Quando vi o sinal s\u00edsmico pela primeira vez, fiquei completamente perplexo&#8221;, disse. &#8220;Embora saibamos que os sism\u00f4metros podem registrar uma variedade de fontes que est\u00e3o ocorrendo na superf\u00edcie da Terra, nunca antes uma onda s\u00edsmica t\u00e3o duradoura, e de deslocamento global, contendo apenas uma \u00fanica frequ\u00eancia de oscila\u00e7\u00e3o, foi registrada&#8221;, completou. Os sinais foram captados desde o \u00c1rtico at\u00e9 a Ant\u00e1rtida.<\/p>\n<p><strong>Colapso de montanha causou tsunami<\/strong><br \/>N\u00e3o visto pelo olho humano, o evento foi causado pelo colapso de uma montanha de 1.200 metros. O deslizamento de cerca de 25 milh\u00f5es de metros c\u00fabicos de rocha e gelo causou uma explos\u00e3o de \u00e1gua de 200 metros de altura, gerando ondas consecutivas de 110 metros de altura.<\/p>\n<p>Os pesquisadores calcularam que essa onda se estendeu por 10 quil\u00f4metros do fiorde e se reduziu a sete metros em poucos minutos, e alguns cent\u00edmetros nos dias seguintes.<\/p>\n<p>Para demonstrar como o movimento poderia ter durado nove dias, os pesquisadores recriaram o \u00e2ngulo do deslizamento de terra no fiorde de Dickson usando um modelo matem\u00e1tico.<\/p>\n<p>Como os fiordes s\u00e3o entradas de mar confinadas entre montanhas rochosas, eles produzem forma\u00e7\u00f5es estreitas e curvas, o que fez com que a massa de \u00e1gua se movesse para frente e para tr\u00e1s, se chocando nas rochas a cada 90 segundos e gerando as vibra\u00e7\u00f5es na crosta terrestre.<\/p>\n<p><strong>Consequ\u00eancias das mudan\u00e7as clim\u00e1ticas<\/strong><br \/>Os pesquisadores sugerem que o deslizamento de terra foi resultado do afinamento da geleira que fica no sop\u00e9 da montanha. Segundo Hicks, isso se deve \u00e0s mudan\u00e7as clim\u00e1ticas.<\/p>\n<p>&#8220;Nosso estudo desse evento destaca de forma surpreendente as intrincadas conex\u00f5es entre as mudan\u00e7as clim\u00e1ticas na atmosfera, a desestabiliza\u00e7\u00e3o do gelo das geleiras na criosfera, movimentos corpos d&#8217;\u00e1gua na hidrosfera e a crosta s\u00f3lida da Terra na litosfera&#8221;, disse.<\/p>\n<p>Apesar de deslizamentos como este serem habituais em lugares como o Alasca e a Noruega, esta foi a primeira vez que o fen\u00f4meno ocorreu na parte oriental da Groenl\u00e2ndia.<\/p>\n<p>Segundo o estudo, isto indica que o evento deve se tornar mais comum nos pr\u00f3ximos anos. Os cientistas tamb\u00e9m alertam que esses deslizamentos de terra podem desencadear tsunamis de grande magnitude &#8211; especialmente quando ocorrem em corpos d&#8217;\u00e1gua confinados, como os fiordes.<\/p>\n<p>Fonte: UOL<\/p>\n<\/p><\/div>\n<p><br \/>\n<br \/><a href=\"https:\/\/diariodobrasilnoticias.com.br\/noticia\/terra-vibra-por-nove-dias-apos-colapso-de-montanha-na-groenlandia-66e9801d37a0a\">Source link <\/a><\/p>","protected":false},"excerpt":{"rendered":"<p>Um deslizamento de terra na Groenl\u00e2ndia que ocorreu h\u00e1 um ano criou um tsunami que fez a Terra vibrar por nove dias, concluiu uma pesquisa liderada pelo Instituto Nacional de&hellip;<\/p>","protected":false},"author":1,"featured_media":38370,"comment_status":"closed","ping_status":"open","sticky":false,"template":"","format":"standard","meta":{"content-type":"","footnotes":""},"categories":[16],"tags":[123,2448,5313,1267],"class_list":["post-38369","post","type-post","status-publish","format-standard","has-post-thumbnail","hentry","category-noticias","tag-brasil","tag-diario","tag-noticia","tag-noticias"],"_links":{"self":[{"href":"https:\/\/tvbrazilusa.com\/pt\/wp-json\/wp\/v2\/posts\/38369","targetHints":{"allow":["GET"]}}],"collection":[{"href":"https:\/\/tvbrazilusa.com\/pt\/wp-json\/wp\/v2\/posts"}],"about":[{"href":"https:\/\/tvbrazilusa.com\/pt\/wp-json\/wp\/v2\/types\/post"}],"author":[{"embeddable":true,"href":"https:\/\/tvbrazilusa.com\/pt\/wp-json\/wp\/v2\/users\/1"}],"replies":[{"embeddable":true,"href":"https:\/\/tvbrazilusa.com\/pt\/wp-json\/wp\/v2\/comments?post=38369"}],"version-history":[{"count":1,"href":"https:\/\/tvbrazilusa.com\/pt\/wp-json\/wp\/v2\/posts\/38369\/revisions"}],"predecessor-version":[{"id":38371,"href":"https:\/\/tvbrazilusa.com\/pt\/wp-json\/wp\/v2\/posts\/38369\/revisions\/38371"}],"wp:featuredmedia":[{"embeddable":true,"href":"https:\/\/tvbrazilusa.com\/pt\/wp-json\/wp\/v2\/media\/38370"}],"wp:attachment":[{"href":"https:\/\/tvbrazilusa.com\/pt\/wp-json\/wp\/v2\/media?parent=38369"}],"wp:term":[{"taxonomy":"category","embeddable":true,"href":"https:\/\/tvbrazilusa.com\/pt\/wp-json\/wp\/v2\/categories?post=38369"},{"taxonomy":"post_tag","embeddable":true,"href":"https:\/\/tvbrazilusa.com\/pt\/wp-json\/wp\/v2\/tags?post=38369"}],"curies":[{"name":"wp","href":"https:\/\/api.w.org\/{rel}","templated":true}]}}