{"id":38372,"date":"2024-09-17T15:47:24","date_gmt":"2024-09-17T15:47:24","guid":{"rendered":"https:\/\/tvbrazilusa.com\/2024\/09\/17\/o-que-os-senadores-de-sao-paulo-dizem-sobre-o-impeachment-de-moraes-paulo-figueiredo\/"},"modified":"2024-09-17T15:54:30","modified_gmt":"2024-09-17T15:54:30","slug":"o-que-os-senadores-de-sao-paulo-dizem-sobre-o-impeachment-de-moraes-paulo-figueiredo","status":"publish","type":"post","link":"https:\/\/tvbrazilusa.com\/pt\/2024\/09\/17\/o-que-os-senadores-de-sao-paulo-dizem-sobre-o-impeachment-de-moraes-paulo-figueiredo\/","title":{"rendered":"O que os senadores de S\u00e3o Paulo dizem sobre o impeachment de Moraes &#8211; Paulo Figueiredo"},"content":{"rendered":"<p> <script async src=\"https:\/\/pagead2.googlesyndication.com\/pagead\/js\/adsbygoogle.js?client=ca-pub-8864793242727901\"\r\n     crossorigin=\"anonymous\"><\/script><br \/>\n<\/p>\n<div id=\"wtr-content\" data-bg=\"#FFFFFF\" data-fg=\"#006d91\" data-width=\"25\" data-mute=\"1\" data-fgopacity=\"1.00\" data-mutedopacity=\"0.5\" data-placement=\"bottom\" data-placement-offset=\"0\" data-content-offset=\"262\" data-placement-touch=\"bottom\" data-placement-offset-touch=\"0\" data-transparent=\"\" data-shadow=\"0\" data-touch=\"1\" data-non-touch=\"1\" data-comments=\"0\" data-commentsbg=\"transparent\" data-location=\"page\" data-mutedfg=\"#006d91\" data-endfg=\"#006d91\" data-rtl=\"\">\n<p>A\u00a0<strong>Gazeta do Povo<\/strong>\u00a0fez contato com os tr\u00eas senadores eleitos pelo estado de S\u00e3o Paulo para saber a opini\u00e3o deles sobre a proposta de\u00a0<em>impeachment\u00a0<\/em>do ministro do Supremo Tribunal Federal (STF)\u00a0Alexandre de Moraes. O senador\u00a0Marcos Pontes\u00a0(PL) afirmou ser favor\u00e1vel \u00e0 proposta, enquanto\u00a0Mara Gabrilli\u00a0(PSD) e Alexandre Giordano (MDB) n\u00e3o se posicionaram claramente sobre o assunto.<\/p>\n<p>Giordano, que assumiu o cargo em mar\u00e7o de 2021, ap\u00f3s a morte do senador Major Ol\u00edmpio, ainda n\u00e3o se manifestou publicamente sobre o\u00a0<em>impeachment<\/em>\u00a0de Moraes. A assessoria dele informou que \u201co senador ainda est\u00e1 analisando\u201d e n\u00e3o forneceu mais detalhes. Nas redes sociais, Giordano tamb\u00e9m n\u00e3o comenta sobre o tema.<\/p>\n<p>Por sua vez, Mara Gabrilli, tamb\u00e9m por meio da assessoria de imprensa, declarou que a senadora s\u00f3 se manifestar\u00e1 ap\u00f3s o texto ir para vota\u00e7\u00e3o no plen\u00e1rio do Senado. \u201cO pedido de i<em>mpeachment<\/em>\u00a0foi enviado ao presidente do Senado,\u00a0<strong>Rodrigo Pacheco\u00a0(PSD-MG)<\/strong>, que encaminhou o documento \u00e0 Advocacia Geral do Senado para avaliar os aspectos legais. At\u00e9 o momento, n\u00e3o h\u00e1 nada para discutir, e n\u00e3o tivemos acesso ao texto. Nosso papel ser\u00e1 analisado e votado ap\u00f3s a decis\u00e3o do presidente de acatar o pedido\u201d, afirmou o senadora.<\/p>\n<p>Segundo apura\u00e7\u00e3o da\u00a0<strong>Gazeta do Povo<\/strong>, Mara Gabrilli <strong>deve consultar o presidente do PSD, Gilberto Kassab, antes de tomar uma decis\u00e3o.<\/strong> Marcos Pontes, por outro lado, j\u00e1 se declarou favor\u00e1vel ao\u00a0<em>impeachment<\/em>\u00a0de Moraes.<\/p>\n<p>A assessoria de Pontes destacou que ele assinou o pedido e foi um dos senadores da oposi\u00e7\u00e3o que levaram o documento pessoalmente a Pacheco, no \u00faltimo dia 9. Pontes tamb\u00e9m participou da manifesta\u00e7\u00e3o de 7 de Setembro, na avenida Paulista, ao lado do ex-presidente Jair Bolsonaro (PL), onde defendeu o\u00a0<em>impeachment<\/em>\u00a0de Moraes.<\/p>\n<h3 class=\"wp-block-heading\">Senadores apresentam pedido de\u00a0<em>impeachment<\/em>\u00a0contra Moraes<\/h3>\n<p>O pedido de<em>\u00a0impeachment<\/em>\u00a0contra Moraes, apresentado por deputados e senadores da oposi\u00e7\u00e3o, detalha justificativas acumuladas ao longo de mais de cinco anos, desde a instaura\u00e7\u00e3o de of\u00edcio do inqu\u00e9rito das\u00a0<em>fake news<\/em>.<\/p>\n<p>Al\u00e9m do bloqueio da plataforma X no Brasil, o documento acusa o ministro de uso irregular do Tribunal Superior Eleitoral (TSE) para fins de persegui\u00e7\u00e3o pol\u00edtica. A peti\u00e7\u00e3o elaborada pelo senador\u00a0Eduardo Gir\u00e3o\u00a0(Novo-CE) e entregue a Pacheco abrange 14 t\u00f3picos que fundamentam a eventual abertura de um in\u00e9dito processo de afastamento de ministro do STF.<\/p>\n<p><strong><a href=\"https:\/\/www.gazetadopovo.com.br\/sao-paulo\/opiniao-senadores-impeachment-alexandre-de-moraes\/?ref=escolhas-do-editor\">Source link<\/a><\/strong><\/p>\n<\/div>\n<p><br \/>\n<br \/><a href=\"https:\/\/paulofigueiredoshow.com\/o-que-os-senadores-de-sao-paulo-dizem-sobre-o-impeachment-de-moraes\/\">Source link <\/a><\/p>","protected":false},"excerpt":{"rendered":"<p>A\u00a0Gazeta do Povo\u00a0fez contato com os tr\u00eas senadores eleitos pelo estado de S\u00e3o Paulo para saber a opini\u00e3o deles sobre a proposta de\u00a0impeachment\u00a0do ministro do Supremo Tribunal Federal (STF)\u00a0Alexandre de&hellip;<\/p>","protected":false},"author":1,"featured_media":38373,"comment_status":"closed","ping_status":"open","sticky":false,"template":"","format":"standard","meta":{"content-type":"","footnotes":""},"categories":[16],"tags":[20773,1193,238,20774,6030,425,1601,19842,19327,4085,871],"class_list":["post-38372","post","type-post","status-publish","format-standard","has-post-thumbnail","hentry","category-noticias","tag-gabrilli","tag-girao","tag-impeachment","tag-kassab","tag-mdb","tag-moraes","tag-pacheco","tag-peticao","tag-psd","tag-senadores","tag-stf"],"_links":{"self":[{"href":"https:\/\/tvbrazilusa.com\/pt\/wp-json\/wp\/v2\/posts\/38372","targetHints":{"allow":["GET"]}}],"collection":[{"href":"https:\/\/tvbrazilusa.com\/pt\/wp-json\/wp\/v2\/posts"}],"about":[{"href":"https:\/\/tvbrazilusa.com\/pt\/wp-json\/wp\/v2\/types\/post"}],"author":[{"embeddable":true,"href":"https:\/\/tvbrazilusa.com\/pt\/wp-json\/wp\/v2\/users\/1"}],"replies":[{"embeddable":true,"href":"https:\/\/tvbrazilusa.com\/pt\/wp-json\/wp\/v2\/comments?post=38372"}],"version-history":[{"count":1,"href":"https:\/\/tvbrazilusa.com\/pt\/wp-json\/wp\/v2\/posts\/38372\/revisions"}],"predecessor-version":[{"id":38374,"href":"https:\/\/tvbrazilusa.com\/pt\/wp-json\/wp\/v2\/posts\/38372\/revisions\/38374"}],"wp:featuredmedia":[{"embeddable":true,"href":"https:\/\/tvbrazilusa.com\/pt\/wp-json\/wp\/v2\/media\/38373"}],"wp:attachment":[{"href":"https:\/\/tvbrazilusa.com\/pt\/wp-json\/wp\/v2\/media?parent=38372"}],"wp:term":[{"taxonomy":"category","embeddable":true,"href":"https:\/\/tvbrazilusa.com\/pt\/wp-json\/wp\/v2\/categories?post=38372"},{"taxonomy":"post_tag","embeddable":true,"href":"https:\/\/tvbrazilusa.com\/pt\/wp-json\/wp\/v2\/tags?post=38372"}],"curies":[{"name":"wp","href":"https:\/\/api.w.org\/{rel}","templated":true}]}}