{"id":38377,"date":"2024-09-17T16:17:56","date_gmt":"2024-09-17T16:17:56","guid":{"rendered":"https:\/\/tvbrazilusa.com\/2024\/09\/17\/perigo-tempestades-severas-podem-atingir-o-brasil-nesta-semana\/"},"modified":"2024-09-17T16:17:58","modified_gmt":"2024-09-17T16:17:58","slug":"perigo-tempestades-severas-podem-atingir-o-brasil-nesta-semana","status":"publish","type":"post","link":"https:\/\/tvbrazilusa.com\/pt\/2024\/09\/17\/perigo-tempestades-severas-podem-atingir-o-brasil-nesta-semana\/","title":{"rendered":"PERIGO: Tempestades severas podem atingir o Brasil nesta semana"},"content":{"rendered":"<p> <script async src=\"https:\/\/pagead2.googlesyndication.com\/pagead\/js\/adsbygoogle.js?client=ca-pub-8864793242727901\"\r\n     crossorigin=\"anonymous\"><\/script><br \/>\n<\/p>\n<div id=\"taboola-read-more\" style=\"display:block; width:100%\">\n<p>A previs\u00e3o do tempo para a Regi\u00e3o Sul do Brasil indica uma redu\u00e7\u00e3o gradativa das chuvas, seguida por um aumento do risco de tempestades severas, a partir da quinta-feira 19. A frente fria, que avan\u00e7ou pela costa sul do pa\u00eds durante o fim de semana, seguir\u00e1 em dire\u00e7\u00e3o ao oceano nos pr\u00f3ximos dias.<\/p>\n<p>Esse deslocamento trar\u00e1 uma condi\u00e7\u00e3o de tempo mais est\u00e1vel para os Estados da regi\u00e3o, nesta ter\u00e7a-feira, 17. Embora possa haver chuvas fracas na faixa leste, a tend\u00eancia \u00e9 que percam intensidade. Nos pr\u00f3ximos dois dias, o tempo firme ser\u00e1 predominante.<\/p>\n<p>Essa alta p\u00f3s-frontal, por n\u00e3o ser muito intensa e n\u00e3o ter origem em regi\u00f5es polares distantes, n\u00e3o trar\u00e1 uma queda significativa de temperatura. As m\u00ednimas n\u00e3o devem ficar abaixo de 11\u00b0C e as m\u00e1ximas n\u00e3o devem ultrapassar 24\u00b0C durante as tardes.<\/p>\n<p>Nesta quarta-feira, 18, perturba\u00e7\u00f5es na m\u00e9dia troposfera \u2014 a camada mais baixa da atmosfera terrestre \u2014 criar\u00e3o condi\u00e7\u00f5es para chuvas em Santa Catarina e no Paran\u00e1. A troposfera, onde ocorrem quase todos os fen\u00f4menos clim\u00e1ticos, ser\u00e1 afetada por ondas que modificar\u00e3o os ventos e causar\u00e3o instabilidade na superf\u00edcie.<\/p>\n<p>A instabilidade come\u00e7ar\u00e1 a atuar na madrugada da quarta-feira no oeste do Paran\u00e1 e se deslocar\u00e1 para o oeste de Santa Catarina e de outras regi\u00f5es do Paran\u00e1, a partir do in\u00edcio da manh\u00e3. As \u00e1reas com maior potencial para tempestades pontuais estar\u00e3o no oeste do Paran\u00e1.<\/p>\n<p>Mesmo com pancadas de chuva, as temperaturas n\u00e3o sofrer\u00e3o grandes varia\u00e7\u00f5es. Em Curitiba, os term\u00f4metros oscilar\u00e3o de 11\u00b0C a 17\u00b0C; em Florian\u00f3polis, de 15\u00b0C a 21\u00b0C; e em Porto Alegre, a quarta-feira ser\u00e1 de sol entre poucas nuvens, com m\u00ednimas de 14\u00b0C e m\u00e1ximas de 24\u00b0C.<\/p>\n<p><strong>Tempestades no Sul<\/strong><br \/>Para o fim da semana, uma nova frente fria trar\u00e1 condi\u00e7\u00f5es de instabilidade e tempestades ao Rio Grande do Sul. Apesar do contraste t\u00e9rmico ser fraco, e as temperaturas praticamente n\u00e3o sofrerem altera\u00e7\u00f5es, a m\u00e1xima em Porto Alegre cair\u00e1 apenas 1 grau, de 26\u00b0C para 25\u00b0C de quinta-feira a sexta-feira 20, e em Santa Maria de 26\u00b0C para 24\u00b0C.<\/p>\n<p>O efeito mais significativo desta nova frente ser\u00e1 o aumento das condi\u00e7\u00f5es de chuva sobre o Estado ga\u00facho, com possibilidade de ocorrer tempestades severas. A partir da noite da quinta-feira, as condi\u00e7\u00f5es para tempestades come\u00e7ar\u00e3o a se formar no Rio Grande do Sul.<\/p>\n<p>A combina\u00e7\u00e3o de ar quente e \u00famido trazido pelos fortes ventos pr\u00e9-frontais de quadrante norte e os ventos difluentes em altos n\u00edveis formar\u00e3o um cen\u00e1rio prop\u00edcio para pancadas, especialmente no noroeste e no centro-oeste do Estado.<\/p>\n<p>A partir da madrugada at\u00e9 a tarde da sexta-feira, a faixa de chuvas intensas cruzar\u00e1 o Estado, com potencial para tempestades severas. \u00c0 noite, a instabilidade, j\u00e1 com menos for\u00e7a, atuar\u00e1 sobre Santa Catarina. Os maiores acumulados de chuva, na sexta-feira, em torno de 70 mm, devem ocorrer no noroeste ga\u00facho.<\/p>\n<p>Confira a previs\u00e3o do tempo para as capitais nesta ter\u00e7a-feira:<\/p>\n<p><strong>Norte:<\/strong><\/p>\n<ul>\n<li>Rio Branco: Parcialmente nublado, com chuvas esparsas; temperaturas variando de 21\u00b0C a 30\u00b0C;<\/li>\n<li>Macap\u00e1: C\u00e9u encoberto com chuvas ocasionais; m\u00e1xima de 32\u00b0C;<\/li>\n<li>Manaus: Nublado com pancadas de chuva \u00e0 tarde; m\u00ednima de 24\u00b0C e m\u00e1xima de 32\u00b0C;<\/li>\n<li>Bel\u00e9m: Chuva ao longo do dia, com c\u00e9u nublado; m\u00e1xima de 32\u00b0C;<\/li>\n<li>Porto Velho: Sol com possibilidade de chuvas esparsas; m\u00e1xima de 33\u00b0C;<\/li>\n<li>Boa Vista: Predom\u00ednio de sol; m\u00e1xima de 34\u00b0C; e<\/li>\n<li>Palmas: C\u00e9u claro; temperaturas variando de 24\u00b0C a 36\u00b0C.<\/li>\n<\/ul>\n<p><strong>Nordeste:<\/strong><\/p>\n<ul>\n<li>Macei\u00f3: C\u00e9u claro a parcialmente nublado, com chances de chuvas isoladas; m\u00e1xima de 29\u00b0C;<\/li>\n<li>Salvador: Sol com nuvens esparsas, possibilidade de chuvas isoladas; m\u00e1xima de 29\u00b0C;<\/li>\n<li>Fortaleza: Sol com algumas nuvens e possibilidade de chuva passageira; m\u00e1xima de 30\u00b0C;<\/li>\n<li>S\u00e3o Lu\u00eds: C\u00e9u encoberto com pancadas de chuva; m\u00e1xima de 31\u00b0C;<\/li>\n<li>Jo\u00e3o Pessoa: Sol com nuvens, possibilidade de chuva r\u00e1pida; m\u00e1xima de 29\u00b0C;<\/li>\n<li>Recife: Sol entre nuvens, com possibilidade de chuvas r\u00e1pidas; m\u00e1xima de 29\u00b0C;<\/li>\n<li>Teresina: Calor com sol e poucas nuvens; m\u00e1xima de 37\u00b0C;<\/li>\n<li>Natal: C\u00e9u claro a parcialmente nublado, com chuva isolada; m\u00e1xima de 30\u00b0C; e<\/li>\n<li>Aracaju: Sol entre nuvens, com pancadas de chuva \u00e0 tarde; m\u00e1xima de 29\u00b0C.<\/li>\n<\/ul>\n<p><strong>Centro-Oeste:<\/strong><\/p>\n<ul>\n<li>Bras\u00edlia: C\u00e9u claro; m\u00ednima de 16\u00b0C e m\u00e1xima de 33\u00b0C;<\/li>\n<li>Goi\u00e2nia: C\u00e9u claro; m\u00ednima de 19\u00b0C e m\u00e1xima de 37\u00b0C;<\/li>\n<li>Cuiab\u00e1: Muito calor; m\u00e1xima de 43\u00b0C; e<\/li>\n<li>Campo Grande: C\u00e9u nublado com chuvas isoladas; m\u00ednima de 15\u00b0C e m\u00e1xima de 38\u00b0C.<\/li>\n<\/ul>\n<p><strong>Sudeste:<\/strong><\/p>\n<ul>\n<li>Vit\u00f3ria: Sol entre nuvens; m\u00ednima de 20\u00b0C e m\u00e1xima de 30\u00b0C;<\/li>\n<li>Rio de Janeiro: Nublado, com chuva isolada; m\u00ednima de 17\u00b0C e m\u00e1xima de 31\u00b0C;<\/li>\n<li>S\u00e3o Paulo: C\u00e9u nublado, com chuvas isoladas; m\u00ednima de 14\u00b0C e m\u00e1xima de 20\u00b0C; e<\/li>\n<li>Belo Horizonte: C\u00e9u claro; m\u00ednima de 14\u00b0C e m\u00e1xima de 27\u00b0C.<\/li>\n<\/ul>\n<p><strong>Sul<\/strong>:<\/p>\n<ul>\n<li>Curitiba: C\u00e9u parcialmente nublado; m\u00ednima de 9\u00b0C e m\u00e1xima de 17\u00b0C;<\/li>\n<li>Florian\u00f3polis: Sol entre nuvens; m\u00ednima de 15\u00b0C e m\u00e1xima de 21\u00b0C; e<\/li>\n<li>Porto Alegre: Nublado, com chuvas; m\u00ednima de 10\u00b0C e m\u00e1xima de 23\u00b0C<\/li>\n<\/ul>\n<p>Fonte: Revista Oeste<\/p>\n<\/p><\/div>\n<p><br \/>\n<br \/><a href=\"https:\/\/diariodobrasilnoticias.com.br\/noticia\/perigo-tempestades-severas-podem-atingir-o-brasil-nesta-semana-66e987e4eecd7\">Source link <\/a><\/p>","protected":false},"excerpt":{"rendered":"<p>A previs\u00e3o do tempo para a Regi\u00e3o Sul do Brasil indica uma redu\u00e7\u00e3o gradativa das chuvas, seguida por um aumento do risco de tempestades severas, a partir da quinta-feira 19.&hellip;<\/p>","protected":false},"author":1,"featured_media":38378,"comment_status":"closed","ping_status":"open","sticky":false,"template":"","format":"standard","meta":{"content-type":"","footnotes":""},"categories":[16],"tags":[123,2448,5313,1267],"class_list":["post-38377","post","type-post","status-publish","format-standard","has-post-thumbnail","hentry","category-noticias","tag-brasil","tag-diario","tag-noticia","tag-noticias"],"_links":{"self":[{"href":"https:\/\/tvbrazilusa.com\/pt\/wp-json\/wp\/v2\/posts\/38377","targetHints":{"allow":["GET"]}}],"collection":[{"href":"https:\/\/tvbrazilusa.com\/pt\/wp-json\/wp\/v2\/posts"}],"about":[{"href":"https:\/\/tvbrazilusa.com\/pt\/wp-json\/wp\/v2\/types\/post"}],"author":[{"embeddable":true,"href":"https:\/\/tvbrazilusa.com\/pt\/wp-json\/wp\/v2\/users\/1"}],"replies":[{"embeddable":true,"href":"https:\/\/tvbrazilusa.com\/pt\/wp-json\/wp\/v2\/comments?post=38377"}],"version-history":[{"count":1,"href":"https:\/\/tvbrazilusa.com\/pt\/wp-json\/wp\/v2\/posts\/38377\/revisions"}],"predecessor-version":[{"id":38379,"href":"https:\/\/tvbrazilusa.com\/pt\/wp-json\/wp\/v2\/posts\/38377\/revisions\/38379"}],"wp:featuredmedia":[{"embeddable":true,"href":"https:\/\/tvbrazilusa.com\/pt\/wp-json\/wp\/v2\/media\/38378"}],"wp:attachment":[{"href":"https:\/\/tvbrazilusa.com\/pt\/wp-json\/wp\/v2\/media?parent=38377"}],"wp:term":[{"taxonomy":"category","embeddable":true,"href":"https:\/\/tvbrazilusa.com\/pt\/wp-json\/wp\/v2\/categories?post=38377"},{"taxonomy":"post_tag","embeddable":true,"href":"https:\/\/tvbrazilusa.com\/pt\/wp-json\/wp\/v2\/tags?post=38377"}],"curies":[{"name":"wp","href":"https:\/\/api.w.org\/{rel}","templated":true}]}}