{"id":38387,"date":"2024-09-17T16:52:47","date_gmt":"2024-09-17T16:52:47","guid":{"rendered":"https:\/\/tvbrazilusa.com\/2024\/09\/17\/adolescente-de-15-anos-entra-em-coma-apos-gravar-desafio-de-surfe-no-carro-e-sofrer-um-golpe-na-cabeca\/"},"modified":"2024-09-17T16:52:48","modified_gmt":"2024-09-17T16:52:48","slug":"adolescente-de-15-anos-entra-em-coma-apos-gravar-desafio-de-surfe-no-carro-e-sofrer-um-golpe-na-cabeca","status":"publish","type":"post","link":"https:\/\/tvbrazilusa.com\/pt\/2024\/09\/17\/adolescente-de-15-anos-entra-em-coma-apos-gravar-desafio-de-surfe-no-carro-e-sofrer-um-golpe-na-cabeca\/","title":{"rendered":"Adolescente de 15 anos entra em coma ap\u00f3s gravar desafio de &#8216;surfe no carro&#8217; e sofrer um golpe na cabe\u00e7a"},"content":{"rendered":"<p> <script async src=\"https:\/\/pagead2.googlesyndication.com\/pagead\/js\/adsbygoogle.js?client=ca-pub-8864793242727901\"\r\n     crossorigin=\"anonymous\"><\/script><br \/>\n<\/p>\n<div id=\"taboola-read-more\" style=\"display:block; width:100%\">\n<p>Uma menina de 15 anos chamada Ava Broadhead entrou em coma em Utah , nos EUA ap\u00f3s tentar participar de um desafio da internet de \u201c surfar no carr o.\u201d Na \u00faltima quarta, 11, a garota tentou ficar de p\u00e9 em cima de um carro em movimento.<\/p>\n<p>\u201cA v\u00edtima estava em cima do carro, e o carro estava andando por a\u00ed. Ela caiu e, infelizmente, o asfalto n\u00e3o perdoa e a v\u00edtima bateu a cabe\u00e7a,\u201d disse a sargente Aymee Race , pol\u00edcia local, ao Fox 13.<\/p>\n<p>A pancada causou s\u00e9rios problemas cerebrais na garota, que acabou entrando em coma . A fam\u00edlia inaugurou uma vaquinha online para levantar dinheiro e ajudar a pagar as despesas m\u00e9dicas.<\/p>\n<p>\u201cAntes desse acidente,\u201c escreveu um amigo da fam\u00edlia na publica\u00e7\u00e3o, \u201cAva estava ansiosa para se apresentar com o time de dan\u00e7a dela em um jogo de futebol, e ir ao baile de formatura em um lindo vestido branco que acabou de escolher.\u201d<\/p>\n<p>\u201cAgora, em vez de todas essas experi\u00eancias incr\u00edveis, ela precisa enfrentar uma longa estrada de recupera\u00e7\u00e3o, na qual ela precisar\u00e1 reaprender habilidades b\u00e1sicas como andar, falar e coisas simples como amarrar os sapatos.<\/p>\n<p><strong>Trend de TikTok<\/strong><br \/>A m\u00e3e dela, Kandis, tamb\u00e9m disse: \u201cEles decidiram fazer aquela trend que estava, n\u00e3o sei se ainda est\u00e1, no TikTok. Voc\u00ea consegue encontrar se pesquisar \u2018car surfing\u2019\u201d. Ela disse que a filha passou por uma cirurgia de vida ou morte e \u201cdemorar\u00e1 meses, ou anos, para se recuperar.\u201d<\/p>\n<p>A sargento tamb\u00e9m explicou que, \u201cinfelizmente, com redes sociais, tem destaque para esse tipo de coisa, e agora que essa trend pegou\u2026 Nos anos1980 e h\u00e1 uns 10 anos, alguns filmes mostraram isso e ficou importante, e agora est\u00e1 voltando.\u201d<\/p>\n<p>Fonte: iG<\/p>\n<\/p><\/div>\n<p><br \/>\n<br \/><a href=\"https:\/\/diariodobrasilnoticias.com.br\/noticia\/adolescente-de-15-anos-entra-em-coma-apos-gravar-desafio-de-surfe-no-carro-e-sofrer-um-golpe-na-cabeca-66e98dbe6c550\">Source link <\/a><\/p>","protected":false},"excerpt":{"rendered":"<p>Uma menina de 15 anos chamada Ava Broadhead entrou em coma em Utah , nos EUA ap\u00f3s tentar participar de um desafio da internet de \u201c surfar no carr o.\u201d&hellip;<\/p>","protected":false},"author":1,"featured_media":38388,"comment_status":"closed","ping_status":"open","sticky":false,"template":"","format":"standard","meta":{"content-type":"","footnotes":""},"categories":[16],"tags":[123,2448,5313,1267],"class_list":["post-38387","post","type-post","status-publish","format-standard","has-post-thumbnail","hentry","category-noticias","tag-brasil","tag-diario","tag-noticia","tag-noticias"],"_links":{"self":[{"href":"https:\/\/tvbrazilusa.com\/pt\/wp-json\/wp\/v2\/posts\/38387","targetHints":{"allow":["GET"]}}],"collection":[{"href":"https:\/\/tvbrazilusa.com\/pt\/wp-json\/wp\/v2\/posts"}],"about":[{"href":"https:\/\/tvbrazilusa.com\/pt\/wp-json\/wp\/v2\/types\/post"}],"author":[{"embeddable":true,"href":"https:\/\/tvbrazilusa.com\/pt\/wp-json\/wp\/v2\/users\/1"}],"replies":[{"embeddable":true,"href":"https:\/\/tvbrazilusa.com\/pt\/wp-json\/wp\/v2\/comments?post=38387"}],"version-history":[{"count":1,"href":"https:\/\/tvbrazilusa.com\/pt\/wp-json\/wp\/v2\/posts\/38387\/revisions"}],"predecessor-version":[{"id":38389,"href":"https:\/\/tvbrazilusa.com\/pt\/wp-json\/wp\/v2\/posts\/38387\/revisions\/38389"}],"wp:featuredmedia":[{"embeddable":true,"href":"https:\/\/tvbrazilusa.com\/pt\/wp-json\/wp\/v2\/media\/38388"}],"wp:attachment":[{"href":"https:\/\/tvbrazilusa.com\/pt\/wp-json\/wp\/v2\/media?parent=38387"}],"wp:term":[{"taxonomy":"category","embeddable":true,"href":"https:\/\/tvbrazilusa.com\/pt\/wp-json\/wp\/v2\/categories?post=38387"},{"taxonomy":"post_tag","embeddable":true,"href":"https:\/\/tvbrazilusa.com\/pt\/wp-json\/wp\/v2\/tags?post=38387"}],"curies":[{"name":"wp","href":"https:\/\/api.w.org\/{rel}","templated":true}]}}