{"id":38395,"date":"2024-09-17T16:36:39","date_gmt":"2024-09-17T16:36:39","guid":{"rendered":"https:\/\/tvbrazilusa.com\/2024\/09\/17\/carmen-lucia-pede-que-pgr-analise-recurso-apresentado-por-sergio-moro-ao-stf-paulo-figueiredo\/"},"modified":"2024-09-17T17:08:16","modified_gmt":"2024-09-17T17:08:16","slug":"carmen-lucia-pede-que-pgr-analise-recurso-apresentado-por-sergio-moro-ao-stf-paulo-figueiredo","status":"publish","type":"post","link":"https:\/\/tvbrazilusa.com\/pt\/2024\/09\/17\/carmen-lucia-pede-que-pgr-analise-recurso-apresentado-por-sergio-moro-ao-stf-paulo-figueiredo\/","title":{"rendered":"C\u00e1rmen L\u00facia pede que PGR analise recurso apresentado por Sergio Moro ao STF &#8211; Paulo Figueiredo"},"content":{"rendered":"<p> <script async src=\"https:\/\/pagead2.googlesyndication.com\/pagead\/js\/adsbygoogle.js?client=ca-pub-8864793242727901\"\r\n     crossorigin=\"anonymous\"><\/script><br \/>\n<\/p>\n<div id=\"wtr-content\" data-bg=\"#FFFFFF\" data-fg=\"#006d91\" data-width=\"25\" data-mute=\"1\" data-fgopacity=\"1.00\" data-mutedopacity=\"0.5\" data-placement=\"bottom\" data-placement-offset=\"0\" data-content-offset=\"262\" data-placement-touch=\"bottom\" data-placement-offset-touch=\"0\" data-transparent=\"\" data-shadow=\"0\" data-touch=\"1\" data-non-touch=\"1\" data-comments=\"0\" data-commentsbg=\"transparent\" data-location=\"page\" data-mutedfg=\"#006d91\" data-endfg=\"#006d91\" data-rtl=\"\">\n<pre class=\"wp-block-preformatted has-small-font-size\">Foto - Carlos Moura\/SCO\/ST<\/pre>\n<p>A ministra C\u00e1rmen L\u00facia, do Supremo Tribunal Federal (STF), encaminhou para a Procuradoria-Geral da Rep\u00fablica (PGR) o\u00a0recurso\u00a0apresentado na corte pelo senador Sergio Moro (Uni\u00e3o-PR). No pedido, o ex-juiz da Lava Jato tenta reverter decis\u00e3o anterior que o tornou r\u00e9u por suposta cal\u00fania contra o ministro Gilmar Mendes.<\/p>\n<p>O despacho da ministra foi assinado no \u00faltimo dia, mas s\u00f3 nesta segunda-feira (16) os embargos de declara\u00e7\u00e3o apresentados pela defesa de Moro seguiram seu tr\u00e2mite para a PGR. N\u00e3o h\u00e1 um prazo definido para que a Procuradoria-Geral da Rep\u00fablica se manifeste sobre o caso, mas a ministra pediu agilidade no retorno da an\u00e1lise ao STF.<\/p>\n<h3 class=\"wp-block-heading\">Moro se tornou r\u00e9u ap\u00f3s v\u00eddeo em que fala em \u201ccomprar um habeas corpus\u201d<\/h3>\n<p>Em abril de 2023, foi divulgado nas redes sociais um v\u00eddeo em que o senador fala em \u201ccomprar um habeas corpus do Gilmar Mendes\u201d. Com a repercuss\u00e3o, o ministro acionou a Procuradoria-Geral da Rep\u00fablica (PGR) para adotar as provid\u00eancias cab\u00edveis.<\/p>\n<p>\u201cN\u00e3o, isso \u00e9 fian\u00e7a, instituto\u2026 para comprar um habeas corpus do Gilmar Mendes\u201d, disse o ex-juiz da Lava Jato no v\u00eddeo.\u00a0A PGR denunciou Moro\u00a0por suposto crime de cal\u00fania ao imputar \u201cfalsamente o crime de corrup\u00e7\u00e3o passiva\u201d ao ministro.<\/p>\n<p>Ap\u00f3s a den\u00fancia da PGR, Moro afirmou que tem profundo respeito pela Corte e seus ministros, que a fala \u201cn\u00e3o representa\u201d o que pensa e ocorreu em um\u00a0\u201ccontexto de brincadeira\u201d.<\/p>\n<p>A Primeira Turma do STF recebeu a den\u00fancia e tornou o senador r\u00e9u. O advogado Lu\u00eds Felipe Cunha, que representa Moro, afirmou que n\u00e3o h\u00e1 prova de envolvimento do na divulga\u00e7\u00e3o do v\u00eddeo.<\/p>\n<p><strong><a href=\"https:\/\/www.gazetadopovo.com.br\/parana\/sergio-moro-recurso-stf-carmen-lucia-pgr\/\">Source link<\/a><\/strong><\/p>\n<\/div>\n<p><br \/>\n<br \/><a href=\"https:\/\/paulofigueiredoshow.com\/carmen-lucia-pede-que-pgr-analise-recurso-apresentado-por-sergio-moro-ao-stf\/\">Source link <\/a><\/p>","protected":false},"excerpt":{"rendered":"<p>Foto &#8211; Carlos Moura\/SCO\/ST A ministra C\u00e1rmen L\u00facia, do Supremo Tribunal Federal (STF), encaminhou para a Procuradoria-Geral da Rep\u00fablica (PGR) o\u00a0recurso\u00a0apresentado na corte pelo senador Sergio Moro (Uni\u00e3o-PR). No pedido,&hellip;<\/p>","protected":false},"author":1,"featured_media":38396,"comment_status":"closed","ping_status":"open","sticky":false,"template":"","format":"standard","meta":{"content-type":"","footnotes":""},"categories":[16],"tags":[20783,19167,699,4893,871],"class_list":["post-38395","post","type-post","status-publish","format-standard","has-post-thumbnail","hentry","category-noticias","tag-lucia","tag-moro","tag-pgr","tag-recurso","tag-stf"],"_links":{"self":[{"href":"https:\/\/tvbrazilusa.com\/pt\/wp-json\/wp\/v2\/posts\/38395","targetHints":{"allow":["GET"]}}],"collection":[{"href":"https:\/\/tvbrazilusa.com\/pt\/wp-json\/wp\/v2\/posts"}],"about":[{"href":"https:\/\/tvbrazilusa.com\/pt\/wp-json\/wp\/v2\/types\/post"}],"author":[{"embeddable":true,"href":"https:\/\/tvbrazilusa.com\/pt\/wp-json\/wp\/v2\/users\/1"}],"replies":[{"embeddable":true,"href":"https:\/\/tvbrazilusa.com\/pt\/wp-json\/wp\/v2\/comments?post=38395"}],"version-history":[{"count":1,"href":"https:\/\/tvbrazilusa.com\/pt\/wp-json\/wp\/v2\/posts\/38395\/revisions"}],"predecessor-version":[{"id":38397,"href":"https:\/\/tvbrazilusa.com\/pt\/wp-json\/wp\/v2\/posts\/38395\/revisions\/38397"}],"wp:featuredmedia":[{"embeddable":true,"href":"https:\/\/tvbrazilusa.com\/pt\/wp-json\/wp\/v2\/media\/38396"}],"wp:attachment":[{"href":"https:\/\/tvbrazilusa.com\/pt\/wp-json\/wp\/v2\/media?parent=38395"}],"wp:term":[{"taxonomy":"category","embeddable":true,"href":"https:\/\/tvbrazilusa.com\/pt\/wp-json\/wp\/v2\/categories?post=38395"},{"taxonomy":"post_tag","embeddable":true,"href":"https:\/\/tvbrazilusa.com\/pt\/wp-json\/wp\/v2\/tags?post=38395"}],"curies":[{"name":"wp","href":"https:\/\/api.w.org\/{rel}","templated":true}]}}