{"id":38398,"date":"2024-09-17T17:11:42","date_gmt":"2024-09-17T17:11:42","guid":{"rendered":"https:\/\/tvbrazilusa.com\/2024\/09\/17\/ajude-a-nomear-o-novo-mascote-da-fscj-a-arraia-manta-jacksonville-today\/"},"modified":"2024-09-17T17:13:38","modified_gmt":"2024-09-17T17:13:38","slug":"ajude-a-nomear-o-novo-mascote-da-fscj-a-arraia-manta-jacksonville-today","status":"publish","type":"post","link":"https:\/\/tvbrazilusa.com\/pt\/2024\/09\/17\/ajude-a-nomear-o-novo-mascote-da-fscj-a-arraia-manta-jacksonville-today\/","title":{"rendered":"Ajude a nomear o novo mascote da FSCJ, a arraia-manta &#8211; Jacksonville Today"},"content":{"rendered":"<p> <script async src=\"https:\/\/pagead2.googlesyndication.com\/pagead\/js\/adsbygoogle.js?client=ca-pub-8864793242727901\"\r\n     crossorigin=\"anonymous\"><\/script><br \/>\n<\/p>\n<div>\n<p>O Florida State College em Jacksonville apresentou seu novo mascote na manh\u00e3 de ter\u00e7a-feira. Agora, a faculdade que atende mais de 40.000 alunos est\u00e1 buscando indica\u00e7\u00f5es do p\u00fablico para nomear a criatura marinha azul. <\/p>\n<p>O mascote fantasiado foi revelado no Dia Mundial da Manta, 17 de setembro, para o corpo docente, funcion\u00e1rios e alunos da escola no South Campus Gymnasium. Essa instala\u00e7\u00e3o, onde atletas universit\u00e1rios competir\u00e3o com o novo mascote presente, \u00e9 doravante conhecida como The Reef.<\/p>\n<p>O mascote da arraia-manta foi anunciado pela primeira vez durante a cerim\u00f4nia de formatura da faculdade em maio, ap\u00f3s uma vota\u00e7\u00e3o p\u00fablica no outono passado que reduziu uma lista de 25 mascotes para tr\u00eas finalistas: kraken, arraia-manta e drag\u00e3o marinho.<\/p>\n<div class=\"wp-block-image\">\n<figure class=\"aligncenter size-large is-resized\"><figcaption class=\"wp-element-caption\">Novo mascote da FSCJ, nome a ser definido. | FSCJ<\/figcaption><\/figure>\n<\/div>\n<p>O p\u00fablico votou nos finalistas de 17 de janeiro a 23 de fevereiro, com quase 20.000 votos. Desde ent\u00e3o, o processo de design do figurino est\u00e1 em andamento, disse o presidente da faculdade, John Avendano, em uma declara\u00e7\u00e3o.<\/p>\n<p>\u201cA busca inicial por nosso novo mascote atingiu propor\u00e7\u00f5es virais no campus e em toda a comunidade por meio do processo de vota\u00e7\u00e3o. Sab\u00edamos que isso seria grande, mas n\u00e3o esper\u00e1vamos que se tornaria t\u00e3o grande\u201d, disse Avendano. \u201cEsperamos manter esse \u00edmpeto enquanto buscamos nomear nosso novo amigo.\u201d<\/p>\n<p>A faculdade \u00e9 <a href=\"http:\/\/fscj.edu\/mascot\" rel=\"nofollow noopener\" target=\"_blank\">coletando indica\u00e7\u00f5es para o novo nome<\/a> at\u00e9 27 de setembro. Ent\u00e3o a lista ser\u00e1 reduzida para vota\u00e7\u00e3o p\u00fablica. O nome final do mascote deve ser selecionado antes do fim do ano.<\/p>\n<p><a href=\"http:\/\/fscj.edu\/mascot\" rel=\"nofollow noopener\" target=\"_blank\">Indique um nome aqui<\/a>. <\/p>\n<\/div>\n<p><br \/>\n<br \/><a href=\"https:\/\/jaxtoday.org\/2024\/09\/17\/help-name-fscjs-new-manta-ray-mascot\/\">Source link <\/a><\/p>","protected":false},"excerpt":{"rendered":"<p>O Florida State College em Jacksonville apresentou seu novo mascote na manh\u00e3 de ter\u00e7a-feira. Agora, a faculdade que atende mais de 40.000 alunos est\u00e1 buscando indica\u00e7\u00f5es do p\u00fablico para nomear&hellip;<\/p>","protected":false},"author":1,"featured_media":38399,"comment_status":"closed","ping_status":"open","sticky":false,"template":"","format":"standard","meta":{"content-type":"","footnotes":""},"categories":[1],"tags":[],"class_list":["post-38398","post","type-post","status-publish","format-standard","has-post-thumbnail","hentry","category-uncategorized"],"_links":{"self":[{"href":"https:\/\/tvbrazilusa.com\/pt\/wp-json\/wp\/v2\/posts\/38398","targetHints":{"allow":["GET"]}}],"collection":[{"href":"https:\/\/tvbrazilusa.com\/pt\/wp-json\/wp\/v2\/posts"}],"about":[{"href":"https:\/\/tvbrazilusa.com\/pt\/wp-json\/wp\/v2\/types\/post"}],"author":[{"embeddable":true,"href":"https:\/\/tvbrazilusa.com\/pt\/wp-json\/wp\/v2\/users\/1"}],"replies":[{"embeddable":true,"href":"https:\/\/tvbrazilusa.com\/pt\/wp-json\/wp\/v2\/comments?post=38398"}],"version-history":[{"count":1,"href":"https:\/\/tvbrazilusa.com\/pt\/wp-json\/wp\/v2\/posts\/38398\/revisions"}],"predecessor-version":[{"id":38400,"href":"https:\/\/tvbrazilusa.com\/pt\/wp-json\/wp\/v2\/posts\/38398\/revisions\/38400"}],"wp:featuredmedia":[{"embeddable":true,"href":"https:\/\/tvbrazilusa.com\/pt\/wp-json\/wp\/v2\/media\/38399"}],"wp:attachment":[{"href":"https:\/\/tvbrazilusa.com\/pt\/wp-json\/wp\/v2\/media?parent=38398"}],"wp:term":[{"taxonomy":"category","embeddable":true,"href":"https:\/\/tvbrazilusa.com\/pt\/wp-json\/wp\/v2\/categories?post=38398"},{"taxonomy":"post_tag","embeddable":true,"href":"https:\/\/tvbrazilusa.com\/pt\/wp-json\/wp\/v2\/tags?post=38398"}],"curies":[{"name":"wp","href":"https:\/\/api.w.org\/{rel}","templated":true}]}}