{"id":38466,"date":"2024-09-17T19:46:58","date_gmt":"2024-09-17T19:46:58","guid":{"rendered":"https:\/\/tvbrazilusa.com\/2024\/09\/17\/r-635-milhoes-governo-lula-vai-multar-fazendeiros-por-incendios\/"},"modified":"2024-09-17T19:47:00","modified_gmt":"2024-09-17T19:47:00","slug":"r-635-milhoes-governo-lula-vai-multar-fazendeiros-por-incendios","status":"publish","type":"post","link":"https:\/\/tvbrazilusa.com\/pt\/2024\/09\/17\/r-635-milhoes-governo-lula-vai-multar-fazendeiros-por-incendios\/","title":{"rendered":"R$ 635 milh\u00f5es: Governo Lula vai multar fazendeiros por inc\u00eandios"},"content":{"rendered":"<p> <script async src=\"https:\/\/pagead2.googlesyndication.com\/pagead\/js\/adsbygoogle.js?client=ca-pub-8864793242727901\"\r\n     crossorigin=\"anonymous\"><\/script><br \/>\n<\/p>\n<div>\n<figure class=\"post-image\">\n<\/figure>\n<p><span style=\"font-size: 12px\">Presidente Lula Foto: EFE\/Andre Borges<\/span><\/p>\n<div id=\"taboola-read-more\" style=\"display:block; width:100%\">\n<p>O governo Lula (PT) ir\u00e1 multar infratores ambientais que provocaram inc\u00eandios. Nesta segunda-feira (16), o ministro Jorge Messias, da Advocacia-Geral da Uni\u00e3o, disse que a penalidade \u00e9 voltada para casos associados ao chamado dano clim\u00e1tico.<\/p>\n<p>A primeira rodada de multa chegar\u00e1 a valores que, somados, alcan\u00e7am os R$ 635 milh\u00f5es, e \u00e9 voltada para queimadas provocadas no Par\u00e1, em unidade de conserva\u00e7\u00e3o na Floresta Amaz\u00f4nica.<\/p>\n<p>Messias falou que as investiga\u00e7\u00f5es apontam que as a\u00e7\u00f5es foram cometidas por fazendeiros.<\/p>\n<p>\u00a0<\/p>\n<p>\u2013 Os infratores ter\u00e3o que recuperar, ressarcir o patrim\u00f4nio degradado, a biodiversidade degradada, e \u00e9 por isso que estamos apresentando contra esses infratores a primeira grande a\u00e7\u00e3o ambiental dessa ordem de R$ 635 milh\u00f5es. S\u00e3o fazendeiros que atuaram de modo irregular em uma \u00e1rea de preserva\u00e7\u00e3o ambiental que \u00e9 uma floresta nacional \u2013 declarou.<\/p>\n<p>Ainda segundo o ministro, investiga\u00e7\u00f5es identificaram os envolvidos e outras medidas ser\u00e3o aplicadas pelo governo como forma de diminui\u00e7\u00e3o dos impactos e repres\u00e1lia a outras a\u00e7\u00f5es. As informa\u00e7\u00f5es s\u00e3o do SBT News.<\/p>\n<p><strong>Pleno.news<\/strong><\/p>\n<\/p><\/div>\n<div class=\"row mt-3\">\n<div class=\"col-sm-6\">\n<p><a href=\"https:\/\/chat.whatsapp.com\/GwURnmOyPiN1XheGYvCspN\" target=\"_blank\" rel=\"noopener\"><br \/>\n<img decoding=\"async\" src=\"https:\/\/diariodobrasilnoticias.com.br\/assets-site\/images\/bot_whatsapp.png\"\/><\/a>\n<\/div>\n<div class=\"col-sm-6\">\n<a href=\"https:\/\/t.me\/+_4gTmi5LKo03OTM5\" target=\"_blank\" rel=\"noopener\"><br \/>\n<img decoding=\"async\" src=\"https:\/\/diariodobrasilnoticias.com.br\/assets-site\/images\/bot_telegram.png\"\/><\/a>\n<\/div>\n<\/div>\n<\/div>\n<p><br \/>\n<br \/><a href=\"https:\/\/diariodobrasilnoticias.com.br\/noticia\/r-635-milhoes-governo-lula-vai-multar-fazendeiros-por-incendios-66e9bde8a412f\">Source link <\/a><\/p>","protected":false},"excerpt":{"rendered":"<p>Presidente Lula Foto: EFE\/Andre Borges O governo Lula (PT) ir\u00e1 multar infratores ambientais que provocaram inc\u00eandios. Nesta segunda-feira (16), o ministro Jorge Messias, da Advocacia-Geral da Uni\u00e3o, disse que a&hellip;<\/p>","protected":false},"author":1,"featured_media":38467,"comment_status":"closed","ping_status":"open","sticky":false,"template":"","format":"standard","meta":{"content-type":"","footnotes":""},"categories":[16],"tags":[123,2448,5313,1267],"class_list":["post-38466","post","type-post","status-publish","format-standard","has-post-thumbnail","hentry","category-noticias","tag-brasil","tag-diario","tag-noticia","tag-noticias"],"_links":{"self":[{"href":"https:\/\/tvbrazilusa.com\/pt\/wp-json\/wp\/v2\/posts\/38466","targetHints":{"allow":["GET"]}}],"collection":[{"href":"https:\/\/tvbrazilusa.com\/pt\/wp-json\/wp\/v2\/posts"}],"about":[{"href":"https:\/\/tvbrazilusa.com\/pt\/wp-json\/wp\/v2\/types\/post"}],"author":[{"embeddable":true,"href":"https:\/\/tvbrazilusa.com\/pt\/wp-json\/wp\/v2\/users\/1"}],"replies":[{"embeddable":true,"href":"https:\/\/tvbrazilusa.com\/pt\/wp-json\/wp\/v2\/comments?post=38466"}],"version-history":[{"count":1,"href":"https:\/\/tvbrazilusa.com\/pt\/wp-json\/wp\/v2\/posts\/38466\/revisions"}],"predecessor-version":[{"id":38468,"href":"https:\/\/tvbrazilusa.com\/pt\/wp-json\/wp\/v2\/posts\/38466\/revisions\/38468"}],"wp:featuredmedia":[{"embeddable":true,"href":"https:\/\/tvbrazilusa.com\/pt\/wp-json\/wp\/v2\/media\/38467"}],"wp:attachment":[{"href":"https:\/\/tvbrazilusa.com\/pt\/wp-json\/wp\/v2\/media?parent=38466"}],"wp:term":[{"taxonomy":"category","embeddable":true,"href":"https:\/\/tvbrazilusa.com\/pt\/wp-json\/wp\/v2\/categories?post=38466"},{"taxonomy":"post_tag","embeddable":true,"href":"https:\/\/tvbrazilusa.com\/pt\/wp-json\/wp\/v2\/tags?post=38466"}],"curies":[{"name":"wp","href":"https:\/\/api.w.org\/{rel}","templated":true}]}}