{"id":38490,"date":"2024-09-17T20:30:01","date_gmt":"2024-09-17T20:30:01","guid":{"rendered":"https:\/\/tvbrazilusa.com\/2024\/09\/17\/devin-mccourty-diz-que-bill-belichick-previu-padroes-de-vento-antes-da-vitoria-de-2010-sobre-os-jets\/"},"modified":"2024-09-17T20:42:54","modified_gmt":"2024-09-17T20:42:54","slug":"devin-mccourty-diz-que-bill-belichick-previu-padroes-de-vento-antes-da-vitoria-de-2010-sobre-os-jets","status":"publish","type":"post","link":"https:\/\/tvbrazilusa.com\/pt\/2024\/09\/17\/devin-mccourty-diz-que-bill-belichick-previu-padroes-de-vento-antes-da-vitoria-de-2010-sobre-os-jets\/","title":{"rendered":"Devin McCourty diz que Bill Belichick previu padr\u00f5es de vento antes da vit\u00f3ria de 2010 sobre os Jets"},"content":{"rendered":"<p> <script async src=\"https:\/\/pagead2.googlesyndication.com\/pagead\/js\/adsbygoogle.js?client=ca-pub-8864793242727901\"\r\n     crossorigin=\"anonymous\"><\/script><br \/>\n<\/p>\n<div id=\"\">\n<header class=\"m-article-header m-article-header--standard\">\n\t\t\t\t\t\t\t\t\t\t\t\t<span id=\"article-header-primary-term\"><br \/>\n\t\t\t\t\t\t\t\t<a class=\"a-term a-term--primary\" href=\"https:\/\/www.boston.com\/tag\/new-england-patriots\/\"><\/p>\n<p>\t\t\t\t\t\t\t\tPatriotas\t\t\t\t\t\t\t\t<\/a><br \/>\n\t\t\t\t\t\t\t<\/span><\/p>\n<h2 class=\"m-article-header__sub-headline\">&#8220;Daquele momento em diante, o cara n\u00e3o me disse mais nada sobre onde eu estaria, tipo, &#8216;n\u00e3o&#8217;.&#8221;<\/h2>\n<figure class=\"a-photo m-article-header__photo\"><figcaption class=\"a-photo__caption\">\n<p>\tDevin McCourty ganhou tr\u00eas Super Bowls enquanto jogava com Bill Belichick na Nova Inglaterra. <em> Barry Chin \/ The Boston Globe<\/em>\t<\/figcaption><\/figure>\n<\/header>\n<p>A aten\u00e7\u00e3o de Bill Belichick aos detalhes e seu meticuloso trabalho de prepara\u00e7\u00e3o s\u00e3o h\u00e1 muito elogiados como dois dos pilares de seu sucesso como seis vezes campe\u00e3o do Super Bowl como treinador principal. <\/p>\n<p>Mas ser\u00e1 que o futuro membro do Hall da Fama tamb\u00e9m poderia acrescentar o meteorologista<a target=\"_blank\" href=\"https:\/\/www.boston.com\/sports\/nfl\/2024\/08\/29\/bill-belichicks-media-blitz-will-be-more-expansive-than-anticipated\/\" rel=\"noreferrer noopener\"> \u00e0 sua crescente lista de compromissos com a m\u00eddia? <\/a><\/p>\n<p>O ex-safety dos Patriots, Devin McCourty, revelou uma hist\u00f3ria fascinante sobre seu antigo treinador durante um clipe da s\u00e9rie de podcasts &#8220;This Is Football&#8221; \u2014 revelando que a previs\u00e3o de Belichick sobre o padr\u00e3o de vento no Gillette Stadium antes de uma partida de Monday Night Football contra os Jets em 2010 levou a uma reviravolta em Nova York. <\/p>\n<p>\u201cEste \u00e9 meu ano de novato. Vamos jogar contra os Jets na segunda-feira \u00e0 noite, ent\u00e3o faremos uma caminhada noturna no domingo \u00e0 noite antes do jogo\u201d, disse McCourty ao apresentador Kevin Clark. \u201cEle agarra todos os cantos e me agarra. Ele disse: &#8216;Ei, correndo por esta linha lateral, do jeito que o padr\u00e3o do vento est\u00e1 em nosso est\u00e1dio indo em dire\u00e7\u00e3o \u00e0 extremidade aberta, o vento rola assim. <\/p>\n<p>&#8220;Ent\u00e3o a bola vai parecer que est\u00e1 indo mais longe do que est\u00e1, mas vai bater no vento e simplesmente cair. Ent\u00e3o, quando estiver correndo deste lado, certifique-se de se virar e colocar a cabe\u00e7a para tr\u00e1s.&#8217; E eu lembro de ficar sentado ali tipo, s\u00e9rio, cara? O padr\u00e3o do vento?&#8221;<\/p>\n<figure class=\"wp-block-embed is-type-rich is-provider-twitter wp-block-embed-twitter\">\n<div class=\"wp-block-embed__wrapper\">\n<blockquote class=\"twitter-tweet\" data-width=\"500\" data-dnt=\"true\">\n<p lang=\"en\" dir=\"ltr\">A incr\u00edvel hist\u00f3ria de Belichick de <a href=\"https:\/\/twitter.com\/devinmccourty?ref_src=twsrc%5Etfw\">@devinmccourty<\/a> em This Is Football. Belichick previu o PADR\u00c3O DE VENTO exato para um jogo dos Jets, levando a uma escolha em uma bola profunda. Acontece que ele fazia isso o tempo todo.<\/p>\n<p>Esta incr\u00edvel entrevista estendida faz parte da estreia na TV do This Football, 2:30 ESPN2 <a href=\"https:\/\/t.co\/oVHu6OBXis\">foto.twitter.com\/oVHu6OBXis<\/a><\/p>\n<p>\u2014 Kevin Clark (@bykevinclark) <a href=\"https:\/\/twitter.com\/bykevinclark\/status\/1836067420655468923?ref_src=twsrc%5Etfw\">17 de setembro de 2024<\/a><\/p><\/blockquote>\n<\/div>\n<\/figure>\n<p>Embora a maioria dos treinamentos da NFL n\u00e3o incluam reflex\u00f5es extensas sobre o vento, McCourty admitiu que a prepara\u00e7\u00e3o de Belichick valeu a pena imediatamente quando enfrentou o wideout Braylon Edwards, do Jets. <\/p>\n<p>\u201cCom certeza, eu recebo uma bola &#8216;Go&#8217; daquele lado contra Braylon Edwards. Eu me viro e olho para tr\u00e1s, e me lembro do que Bill disse\u201d, disse McCourty. \u201cEu me viro para tr\u00e1s, a bola cai bem no meu colo para uma intercepta\u00e7\u00e3o. Daquele ponto em diante, n\u00e3o havia mais nada que o cara me dissesse onde eu estaria, tipo, &#8216;n\u00e3o&#8217;. Eu acreditei em tudo. Eu estava bebendo o Kool-Aid depois disso.\u201d<\/p>\n<p>Os Patriots derrotaram facilmente os Jets naquele confronto por 45 a 3, com o trabalho de prepara\u00e7\u00e3o de Belichick dando resultados em tempo real. <\/p>\n<p>Esta est\u00e1 longe de ser a \u00fanica vez que Belichick falou sobre o impacto das condi\u00e7\u00f5es do vento nos jogos realizados em Foxborough. <\/p>\n<p>O treinador de 72 anos destacou em julho de 2023 que o novo painel de v\u00eddeo e farol do Gillette Stadium <a href=\"https:\/\/www.boston.com\/sports\/new-england-patriots\/2023\/07\/28\/bill-belichick-wind-gillette-stadium-video-board-construction\/\" target=\"_blank\" rel=\"noreferrer noopener\">impactaria o jogo de chute de sua equipe<\/a> devido a uma mudan\u00e7a no fluxo de vento no campo de futebol. <\/p>\n<div class=\"m-block m-generic-cta\t m-generic-cta--post-content\t m-generic-cta--dark\t m-generic-cta--homepage\t m-generic-cta--email-signup\t\t m-generic-cta-block-style--default \tt-amp__generic-cta\"><\/p>\n<div class=\"m-generic-cta__wrap\">\n<div class=\"m-generic-cta__content\">\n<h3 class=\"m-generic-cta__title\">Inscreva-se para receber atualiza\u00e7\u00f5es dos Patriots\ud83c\udfc8<\/h3>\n<p class=\"m-generic-cta__subtitle\">Receba not\u00edcias de \u00faltima hora e an\u00e1lises na sua caixa de entrada durante a temporada de futebol.<\/p>\n<\/p><\/div>\n<\/p><\/div>\n<\/div><\/div>\n<p><script async src=\"\/\/platform.twitter.com\/widgets.js\" charset=\"utf-8\"><\/script><script>\n\t\tvar consent=\"grant\";\n\t\t\/* The above code is parsing the JSON data from the local storage and storing it in a variable. *\/\n\t\t\t\t\tconst onetrustStorageConsent = JSON.parse(localStorage.getItem( 'consent_one_trust_bdc' ) );\n\t\t\tif ( ( onetrustStorageConsent !== null ) ) {\n\t\t\t\t\/* Checking to see if the user has consented to the use of cookies.\n\t\t\t\t* If they have not, it is deleting the cookie.\n\t\t\t\t* This will comment for now, until further notice.\n\t\t\t\t*\/\n\t\t\t\t\/\/if ( onetrustStorageConsent.C0002 === false ) {\n\t\t\t\t\/\/\tdocument.cookie=\"_fbp=;expires=Thu, 01 Jan 2010 00:00:00 UTC; path=\/; domain=.boston.com\";\n\t\t\t\t\/\/}\n\t\t\t\t\/* Checking if the user has given consent for the cookie C0002.\n\t\t\t\t* If the user has given consent, the variable consent will be set to 'grant'.\n\t\t\t\t* If the user has not given consent,the variable consent will be set to 'revoke'.\n\t\t\t\t* Documentation https:\/\/developers.facebook.com\/docs\/meta-pixel\/implementation\/gdpr\n\t\t\t\t*\/\n\t\t\t\tif ( onetrustStorageConsent.C0002 !== true ) {\n\t\t\t\t\tconsent=\"revoke\";\n\t\t\t\t}\n\t\t\t}\n\t\t\t\t!function(f,b,e,v,n,t,s)\n\t\t{if(f.fbq)return;n=f.fbq=function(){n.callMethod?\n\t\tn.callMethod.apply(n,arguments):n.queue.push(arguments)};\n\t\tif(!f._fbq)f._fbq=n;n.push=n;n.loaded=!0;n.version='2.0';\n\t\tn.queue=[];t=b.createElement(e);t.async=!0;\n\t\tt.src=v;s=b.getElementsByTagName(e)[0];\n\t\ts.parentNode.insertBefore(t,s)}(window, document,'script',\n\t\t'https:\/\/connect.facebook.net\/en_US\/fbevents.js');\n\t\tfbq('consent', consent);\n\t\tfbq('init', '989222871864976');\n\t\tfbq('track', 'PageView');\n\t<\/script><script type=\"module\">\n\t\tvar consent=\"grant\";\n\t\t\/* The above code is parsing the JSON data from the local storage and storing it in a variable. *\/\n\t\t\tconst onetrustStorageConsent = JSON.parse(localStorage.getItem( 'consent_one_trust_bdc' ) );\n\t\t\t\/* Checking to see if the user has consented to the use of cookies.\n\t\t\t* If they have not, it is deleting the cookie.\n\t\t\t* This will comment for now, until further notice.\n\t\t\t*\/\n\t\t\t\/\/if ( onetrustStorageConsent.C0002 === false ) {\n\t\t\t\/\/\tdocument.cookie=\"_fbp=;expires=Thu, 01 Jan 2010 00:00:00 UTC; path=\/; domain=.boston.com\";\n\t\t\t\/\/}\n\t\t\t\/* Checking if the user has given consent for the cookie C0002.\n\t\t\t* If the user has given consent, the variable consent will be set to 'grant'.\n\t\t\t* If the user has not given consent,the variable consent will be set to 'revoke'.\n\t\t\t* Documentation https:\/\/developers.facebook.com\/docs\/meta-pixel\/implementation\/gdpr\n\t\t\t*\/\n\t\t\tif ( ( onetrustStorageConsent !== null ) && (onetrustStorageConsent.C0002 !== true ) ) {\n\t\t\t\tconsent=\"revoke\";\n\t\t\t}\n\t\t\t\t!function(f,b,e,v,n,t,s){if(f.fbq)return;n=f.fbq=function()\n\t\t{n.callMethod? n.callMethod.apply(n,arguments):n.queue.push(arguments)}\n\t\t;if(!f._fbq)f._fbq=n;\n\t\tn.push=n;n.loaded=!0;n.version='2.0';n.queue=[];t=b.createElement(e);t.async=!0;\n\t\tt.src=v;s=b.getElementsByTagName(e)[0];s.parentNode.insertBefore(t,s)}(window,\n\t\tdocument,'script','https:\/\/connect.facebook.net\/en_US\/fbevents.js');\n\t\tfbq('consent', consent);\n\t\tfbq('init', '813236348753005');\n\t\tfbq('track', \"PageView\");\n\t<\/script><br \/>\n<br \/><br \/>\n<br \/><a href=\"https:\/\/www.boston.com\/sports\/new-england-patriots\/2024\/09\/17\/bill-belichick-devin-mccourty-nfl-football-new-england-patriots\/\">Source link <\/a><\/p>","protected":false},"excerpt":{"rendered":"<p>Patriotas &#8220;Daquele momento em diante, o cara n\u00e3o me disse mais nada sobre onde eu estaria, tipo, &#8216;n\u00e3o&#8217;.&#8221; Devin McCourty ganhou tr\u00eas Super Bowls enquanto jogava com Bill Belichick na&hellip;<\/p>","protected":false},"author":1,"featured_media":38491,"comment_status":"closed","ping_status":"open","sticky":false,"template":"","format":"standard","meta":{"content-type":"","footnotes":""},"categories":[1],"tags":[],"class_list":["post-38490","post","type-post","status-publish","format-standard","has-post-thumbnail","hentry","category-uncategorized"],"_links":{"self":[{"href":"https:\/\/tvbrazilusa.com\/pt\/wp-json\/wp\/v2\/posts\/38490","targetHints":{"allow":["GET"]}}],"collection":[{"href":"https:\/\/tvbrazilusa.com\/pt\/wp-json\/wp\/v2\/posts"}],"about":[{"href":"https:\/\/tvbrazilusa.com\/pt\/wp-json\/wp\/v2\/types\/post"}],"author":[{"embeddable":true,"href":"https:\/\/tvbrazilusa.com\/pt\/wp-json\/wp\/v2\/users\/1"}],"replies":[{"embeddable":true,"href":"https:\/\/tvbrazilusa.com\/pt\/wp-json\/wp\/v2\/comments?post=38490"}],"version-history":[{"count":1,"href":"https:\/\/tvbrazilusa.com\/pt\/wp-json\/wp\/v2\/posts\/38490\/revisions"}],"predecessor-version":[{"id":38492,"href":"https:\/\/tvbrazilusa.com\/pt\/wp-json\/wp\/v2\/posts\/38490\/revisions\/38492"}],"wp:featuredmedia":[{"embeddable":true,"href":"https:\/\/tvbrazilusa.com\/pt\/wp-json\/wp\/v2\/media\/38491"}],"wp:attachment":[{"href":"https:\/\/tvbrazilusa.com\/pt\/wp-json\/wp\/v2\/media?parent=38490"}],"wp:term":[{"taxonomy":"category","embeddable":true,"href":"https:\/\/tvbrazilusa.com\/pt\/wp-json\/wp\/v2\/categories?post=38490"},{"taxonomy":"post_tag","embeddable":true,"href":"https:\/\/tvbrazilusa.com\/pt\/wp-json\/wp\/v2\/tags?post=38490"}],"curies":[{"name":"wp","href":"https:\/\/api.w.org\/{rel}","templated":true}]}}