{"id":38496,"date":"2024-09-17T21:11:30","date_gmt":"2024-09-17T21:11:30","guid":{"rendered":"https:\/\/tvbrazilusa.com\/2024\/09\/17\/brasileiro-morre-em-incendio-que-destroi-florestas-em-portugal\/"},"modified":"2024-09-17T21:11:32","modified_gmt":"2024-09-17T21:11:32","slug":"brasileiro-morre-em-incendio-que-destroi-florestas-em-portugal","status":"publish","type":"post","link":"https:\/\/tvbrazilusa.com\/pt\/2024\/09\/17\/brasileiro-morre-em-incendio-que-destroi-florestas-em-portugal\/","title":{"rendered":"Brasileiro morre em inc\u00eandio que destr\u00f3i florestas em Portugal"},"content":{"rendered":"<p> <script async src=\"https:\/\/pagead2.googlesyndication.com\/pagead\/js\/adsbygoogle.js?client=ca-pub-8864793242727901\"\r\n     crossorigin=\"anonymous\"><\/script><br \/>\n<\/p>\n<div id=\"taboola-read-more\" style=\"display:block; width:100%\">\n<p>Os inc\u00eandios que atingem florestas em Portugal desde domingo (15\/9) vitimaram um brasileiro de 28 anos, que morreu nessa segunda-feira (16\/9) ao tentar salvar as m\u00e1quinas da empresa onde trabalhava. A Pol\u00edcia Judici\u00e1ria prometeu revelar seu nome nesta ter\u00e7a-feira (17\/9). As informa\u00e7\u00f5es s\u00e3o de O Globo.<\/p>\n<p>O rapaz vivia e trabalhava no distrito de Aveiro, na regi\u00e3o Centro, onde 10 mil hectares arderam em chamas. O corpo carbonizado foi encontrado em Albergaria-a-Velha, por volta das 15h30, pelos agentes da Guarda Nacional Republicana (GNR).<\/p>\n<p>\u201cPelos fatos apurados at\u00e9 ao momento, se trata de um cidad\u00e3o de nacionalidade brasileira, de 28 anos, funcion\u00e1rio de uma empresa que se dedica \u00e0 explora\u00e7\u00e3o florestal. Este cidad\u00e3o ter\u00e1 ido, juntamente com outros funcion\u00e1rios da empresa, recuperar alguma m\u00e1quina que se encontrava na zona afetada pelo inc\u00eandio\u201d, informou a GNR.<\/p>\n<p>A empresa onde o brasileiro trabalhava atua na \u00e1rea de explora\u00e7\u00e3o florestal em Sobreiro. A fam\u00edlia da v\u00edtima tamb\u00e9m vive em Portugal e foi informada do caso pelas autoridades policiais.<\/p>\n<p>Ele era considerado experiente e estaria em seguran\u00e7a junto \u00e0s m\u00e1quinas. Mas foi surpreendido pelo r\u00e1pido avan\u00e7o das chamas, que cercaram o brasileiro, informou Andr\u00e9 Fernandes, comandante nacional da Autoridade Nacional de Emerg\u00eancia e Prote\u00e7\u00e3o Civil.<\/p>\n<p>No fim da noite dessa segunda-feira (16\/9), as chamas avan\u00e7avam cerca de 700 metros por hora. S\u00e3o impulsionadas pelos ventos fortes em dezenas de focos de inc\u00eandios nas regi\u00f5es norte e centro de Portugal. O governo decretou situa\u00e7\u00e3o de alerta at\u00e9 a pr\u00f3xima quinta-feira (19\/9) em todo o territ\u00f3rio portugu\u00eas.<\/p>\n<p><strong>Metr\u00f3poles\u00a0<\/strong><\/p>\n<\/p><\/div>\n<p><br \/>\n<br \/><a href=\"https:\/\/diariodobrasilnoticias.com.br\/noticia\/brasileiro-morre-em-incendio-que-destroi-florestas-em-portugal-66e9d17deeb5c\">Source link <\/a><\/p>","protected":false},"excerpt":{"rendered":"<p>Os inc\u00eandios que atingem florestas em Portugal desde domingo (15\/9) vitimaram um brasileiro de 28 anos, que morreu nessa segunda-feira (16\/9) ao tentar salvar as m\u00e1quinas da empresa onde trabalhava.&hellip;<\/p>","protected":false},"author":1,"featured_media":38497,"comment_status":"closed","ping_status":"open","sticky":false,"template":"","format":"standard","meta":{"content-type":"","footnotes":""},"categories":[16],"tags":[123,2448,5313,1267],"class_list":["post-38496","post","type-post","status-publish","format-standard","has-post-thumbnail","hentry","category-noticias","tag-brasil","tag-diario","tag-noticia","tag-noticias"],"_links":{"self":[{"href":"https:\/\/tvbrazilusa.com\/pt\/wp-json\/wp\/v2\/posts\/38496","targetHints":{"allow":["GET"]}}],"collection":[{"href":"https:\/\/tvbrazilusa.com\/pt\/wp-json\/wp\/v2\/posts"}],"about":[{"href":"https:\/\/tvbrazilusa.com\/pt\/wp-json\/wp\/v2\/types\/post"}],"author":[{"embeddable":true,"href":"https:\/\/tvbrazilusa.com\/pt\/wp-json\/wp\/v2\/users\/1"}],"replies":[{"embeddable":true,"href":"https:\/\/tvbrazilusa.com\/pt\/wp-json\/wp\/v2\/comments?post=38496"}],"version-history":[{"count":1,"href":"https:\/\/tvbrazilusa.com\/pt\/wp-json\/wp\/v2\/posts\/38496\/revisions"}],"predecessor-version":[{"id":38498,"href":"https:\/\/tvbrazilusa.com\/pt\/wp-json\/wp\/v2\/posts\/38496\/revisions\/38498"}],"wp:featuredmedia":[{"embeddable":true,"href":"https:\/\/tvbrazilusa.com\/pt\/wp-json\/wp\/v2\/media\/38497"}],"wp:attachment":[{"href":"https:\/\/tvbrazilusa.com\/pt\/wp-json\/wp\/v2\/media?parent=38496"}],"wp:term":[{"taxonomy":"category","embeddable":true,"href":"https:\/\/tvbrazilusa.com\/pt\/wp-json\/wp\/v2\/categories?post=38496"},{"taxonomy":"post_tag","embeddable":true,"href":"https:\/\/tvbrazilusa.com\/pt\/wp-json\/wp\/v2\/tags?post=38496"}],"curies":[{"name":"wp","href":"https:\/\/api.w.org\/{rel}","templated":true}]}}