{"id":38505,"date":"2024-09-17T21:47:38","date_gmt":"2024-09-17T21:47:38","guid":{"rendered":"https:\/\/tvbrazilusa.com\/2024\/09\/17\/policia-recaptura-15-detentos-nas-primeiras-horas-da-saida-temporaria-em-sp\/"},"modified":"2024-09-17T21:47:39","modified_gmt":"2024-09-17T21:47:39","slug":"policia-recaptura-15-detentos-nas-primeiras-horas-da-saida-temporaria-em-sp","status":"publish","type":"post","link":"https:\/\/tvbrazilusa.com\/pt\/2024\/09\/17\/policia-recaptura-15-detentos-nas-primeiras-horas-da-saida-temporaria-em-sp\/","title":{"rendered":"Pol\u00edcia recaptura 15 detentos nas primeiras horas da sa\u00edda tempor\u00e1ria em SP"},"content":{"rendered":"<p> <script async src=\"https:\/\/pagead2.googlesyndication.com\/pagead\/js\/adsbygoogle.js?client=ca-pub-8864793242727901\"\r\n     crossorigin=\"anonymous\"><\/script><br \/>\n<\/p>\n<div id=\"taboola-read-more\" style=\"display:block; width:100%\">\n<p>S\u00e3o Paulo \u2014 Apenas algumas horas ap\u00f3s os presos do estado de S\u00e3o Paulo terem sido liberados para a chamada \u201csaidinha\u201d, 15 detentos foram recapturados no centro da cidade nesta ter\u00e7a-feira (17\/9). Eles foram encontrados na regi\u00e3o da Cracol\u00e2ndia, o que viola as medidas da Justi\u00e7a para ter direito ao benef\u00edcio da sa\u00edda tempor\u00e1ria.<\/p>\n<p>A Pol\u00edcia Militar encaminhou os presos ao Instituto M\u00e9dico Legal (IML) central, para passarem por exame pericial e, ainda hoje, eles ser\u00e3o encaminhados de volta aos pres\u00eddios. Segundo a Secretaria da Seguran\u00e7a P\u00fablica (SSP), dentre os 15, tr\u00eas usavam tornozeleira eletr\u00f4nica.<\/p>\n<p>O sargento Kennedy Fernandes, da Companhia das Cenas Abertas de Uso, ou seja, os pontos de concentra\u00e7\u00e3o de 15 pessoas fazendo o uso de subst\u00e2ncias psicoativas em espa\u00e7os ou vias p\u00fablicas em pelo menos 3 dias consecutivos, relatou que equipes que patrulhavam a regi\u00e3o notaram um grupo de pessoas sair da Esta\u00e7\u00e3o da Luz, no centro de S\u00e3o Paulo, e irem para o local onde os usu\u00e1rios de drogas costumam se concentrar.\u00a0Os agentes, ent\u00e3o, consultaram o sistema de intelig\u00eancia da PM e constataram que o grupo era de detentos em saidinha.<\/p>\n<p>O beneficiado das sa\u00eddas tempor\u00e1rias deve, quando deixar o pres\u00eddio, permanecer na cidade declarada \u00e0 Justi\u00e7a e \u00e9 proibido, entre outras coisas, de ir a bares e locais de uso de entorpecentes. De acordo com a SSP, durante a \u00faltima saidinha que aconteceu em 2024, entre os dias 11 e 17 de junho, 677 detentos foram recapturados em todo o estado.<\/p>\n<p>Vale lembrar que, nesta saidinha, que come\u00e7a nesta ter\u00e7a-feira e vai at\u00e9 a pr\u00f3xima segunda-feira (23), foram liberados Cristian Cravinhos e Lindemberg Alves, assassinos do casal von Richthofen e de Elo\u00e1 Pimentel.<\/p>\n<p><strong>Metr\u00f3poles\u00a0<\/strong><\/p>\n<p>\u00a0<\/p>\n<\/p><\/div>\n<p><br \/>\n<br \/><a href=\"https:\/\/diariodobrasilnoticias.com.br\/noticia\/policia-recaptura-15-detentos-nas-primeiras-horas-da-saida-temporaria-em-sp-66e9d96b908d7\">Source link <\/a><\/p>","protected":false},"excerpt":{"rendered":"<p>S\u00e3o Paulo \u2014 Apenas algumas horas ap\u00f3s os presos do estado de S\u00e3o Paulo terem sido liberados para a chamada \u201csaidinha\u201d, 15 detentos foram recapturados no centro da cidade nesta&hellip;<\/p>","protected":false},"author":1,"featured_media":38506,"comment_status":"closed","ping_status":"open","sticky":false,"template":"","format":"standard","meta":{"content-type":"","footnotes":""},"categories":[16],"tags":[123,2448,5313,1267],"class_list":["post-38505","post","type-post","status-publish","format-standard","has-post-thumbnail","hentry","category-noticias","tag-brasil","tag-diario","tag-noticia","tag-noticias"],"_links":{"self":[{"href":"https:\/\/tvbrazilusa.com\/pt\/wp-json\/wp\/v2\/posts\/38505","targetHints":{"allow":["GET"]}}],"collection":[{"href":"https:\/\/tvbrazilusa.com\/pt\/wp-json\/wp\/v2\/posts"}],"about":[{"href":"https:\/\/tvbrazilusa.com\/pt\/wp-json\/wp\/v2\/types\/post"}],"author":[{"embeddable":true,"href":"https:\/\/tvbrazilusa.com\/pt\/wp-json\/wp\/v2\/users\/1"}],"replies":[{"embeddable":true,"href":"https:\/\/tvbrazilusa.com\/pt\/wp-json\/wp\/v2\/comments?post=38505"}],"version-history":[{"count":1,"href":"https:\/\/tvbrazilusa.com\/pt\/wp-json\/wp\/v2\/posts\/38505\/revisions"}],"predecessor-version":[{"id":38507,"href":"https:\/\/tvbrazilusa.com\/pt\/wp-json\/wp\/v2\/posts\/38505\/revisions\/38507"}],"wp:featuredmedia":[{"embeddable":true,"href":"https:\/\/tvbrazilusa.com\/pt\/wp-json\/wp\/v2\/media\/38506"}],"wp:attachment":[{"href":"https:\/\/tvbrazilusa.com\/pt\/wp-json\/wp\/v2\/media?parent=38505"}],"wp:term":[{"taxonomy":"category","embeddable":true,"href":"https:\/\/tvbrazilusa.com\/pt\/wp-json\/wp\/v2\/categories?post=38505"},{"taxonomy":"post_tag","embeddable":true,"href":"https:\/\/tvbrazilusa.com\/pt\/wp-json\/wp\/v2\/tags?post=38505"}],"curies":[{"name":"wp","href":"https:\/\/api.w.org\/{rel}","templated":true}]}}