{"id":3851,"date":"2024-07-19T11:20:00","date_gmt":"2024-07-19T11:20:00","guid":{"rendered":"https:\/\/tvbrazilusa.com\/2024\/07\/19\/ditadura-de-cuba-condena-cinco-pessoas-a-prisao-por-manifestacoes-paulo-figueiredo\/"},"modified":"2024-07-19T13:30:13","modified_gmt":"2024-07-19T13:30:13","slug":"ditadura-de-cuba-condena-cinco-pessoas-a-prisao-por-manifestacoes-paulo-figueiredo","status":"publish","type":"post","link":"https:\/\/tvbrazilusa.com\/pt\/2024\/07\/19\/ditadura-de-cuba-condena-cinco-pessoas-a-prisao-por-manifestacoes-paulo-figueiredo\/","title":{"rendered":"Ditadura de Cuba condena cinco pessoas \u00e0 pris\u00e3o por manifesta\u00e7\u00f5es &#8211; Paulo Figueiredo"},"content":{"rendered":"<p> <script async src=\"https:\/\/pagead2.googlesyndication.com\/pagead\/js\/adsbygoogle.js?client=ca-pub-8864793242727901\"\r\n     crossorigin=\"anonymous\"><\/script><br \/>\n<\/p>\n<div id=\"wtr-content\" data-bg=\"#FFFFFF\" data-fg=\"#006d91\" data-width=\"25\" data-mute=\"1\" data-fgopacity=\"1.00\" data-mutedopacity=\"0.5\" data-placement=\"bottom\" data-placement-offset=\"0\" data-content-offset=\"262\" data-placement-touch=\"bottom\" data-placement-offset-touch=\"0\" data-transparent=\"\" data-shadow=\"0\" data-touch=\"1\" data-non-touch=\"1\" data-comments=\"0\" data-commentsbg=\"transparent\" data-location=\"page\" data-mutedfg=\"#006d91\" data-endfg=\"#006d91\" data-rtl=\"\">\n<pre class=\"wp-block-preformatted has-small-font-size\">Foto - EFE\/Miguel Guti\u00e9rrez<\/pre>\n<p>Segundo o site, Daniel \u00c1lvarez Gonz\u00e1lez e Luis Miguel Alarc\u00f3n Mart\u00ednez foram condenados a oito e sete anos de pris\u00e3o, respectivamente; Freddy Sarquiz Gonz\u00e1lez, a cinco anos; Rodolfo \u00c1lvarez Gonz\u00e1lez, a quatro anos; e Felipe Octavio Correa Mart\u00ednez, a dois anos. Um dos r\u00e9us, Yandri Pelier Matos, foi absolvido.<\/p>\n<p>Eles haviam sido acusados dos crimes de \u201cdesordem p\u00fablica, instiga\u00e7\u00e3o \u00e0 pr\u00e1tica de crime, resist\u00eancia \u00e0 autoridade e atentado\u201d.<\/p>\n<p>A senten\u00e7a apontou que os r\u00e9us \u201cviolaram gravemente a ordem p\u00fablica em detrimento do respeito \u00e0 comunidade, \u00e0s autoridades do territ\u00f3rio e \u00e0 Pol\u00edcia Nacional Revolucion\u00e1ria\u201d, e que ao menos dois deles estariam embriagados enquanto gritavam frases como \u201cabaixo o comunismo\u201d e \u201cest\u00e3o nos matando de fome\u201d.<\/p>\n<p>Victoria Mart\u00ednez Valdivia, m\u00e3e de dois dos r\u00e9us, afirmou ao CubaNet que os depoimentos contra os acusados, incluindo os de policiais e funcion\u00e1rios do governo, eram mentirosos.<\/p>\n<p>Em comunicado no qual pediu a liberta\u00e7\u00e3o de pessoas presas por participarem de manifesta\u00e7\u00f5es por democracia em Cuba, incluindo os protestos de julho de 2021 e os de Caimanera em 2023, a Anistia Internacional apontou que \u201c\u00e9 claro que o padr\u00e3o de criminaliza\u00e7\u00e3o pelo simples exerc\u00edcio dos direitos \u00e0 liberdade de express\u00e3o e de reuni\u00e3o pac\u00edfica continua inabal\u00e1vel at\u00e9 hoje\u201d na ilha caribenha.<\/p>\n<p><a href=\"https:\/\/www.gazetadopovo.com.br\/mundo\/cuba-condenacao-manifestacoes-governo\/\">Source link<\/a><\/p>\n<\/div>\n<p><br \/>\n<br \/><a href=\"https:\/\/paulofigueiredoshow.com\/ditadura-de-cuba-condena-cinco-pessoas-a-prisao-por-manifestacoes\/\">Source link <\/a><\/p>","protected":false},"excerpt":{"rendered":"<p>Foto &#8211; EFE\/Miguel Guti\u00e9rrez Segundo o site, Daniel \u00c1lvarez Gonz\u00e1lez e Luis Miguel Alarc\u00f3n Mart\u00ednez foram condenados a oito e sete anos de pris\u00e3o, respectivamente; Freddy Sarquiz Gonz\u00e1lez, a cinco&hellip;<\/p>","protected":false},"author":1,"featured_media":3852,"comment_status":"closed","ping_status":"open","sticky":false,"template":"","format":"standard","meta":{"content-type":"","footnotes":""},"categories":[16],"tags":[],"class_list":["post-3851","post","type-post","status-publish","format-standard","has-post-thumbnail","hentry","category-noticias"],"_links":{"self":[{"href":"https:\/\/tvbrazilusa.com\/pt\/wp-json\/wp\/v2\/posts\/3851","targetHints":{"allow":["GET"]}}],"collection":[{"href":"https:\/\/tvbrazilusa.com\/pt\/wp-json\/wp\/v2\/posts"}],"about":[{"href":"https:\/\/tvbrazilusa.com\/pt\/wp-json\/wp\/v2\/types\/post"}],"author":[{"embeddable":true,"href":"https:\/\/tvbrazilusa.com\/pt\/wp-json\/wp\/v2\/users\/1"}],"replies":[{"embeddable":true,"href":"https:\/\/tvbrazilusa.com\/pt\/wp-json\/wp\/v2\/comments?post=3851"}],"version-history":[{"count":1,"href":"https:\/\/tvbrazilusa.com\/pt\/wp-json\/wp\/v2\/posts\/3851\/revisions"}],"predecessor-version":[{"id":3853,"href":"https:\/\/tvbrazilusa.com\/pt\/wp-json\/wp\/v2\/posts\/3851\/revisions\/3853"}],"wp:featuredmedia":[{"embeddable":true,"href":"https:\/\/tvbrazilusa.com\/pt\/wp-json\/wp\/v2\/media\/3852"}],"wp:attachment":[{"href":"https:\/\/tvbrazilusa.com\/pt\/wp-json\/wp\/v2\/media?parent=3851"}],"wp:term":[{"taxonomy":"category","embeddable":true,"href":"https:\/\/tvbrazilusa.com\/pt\/wp-json\/wp\/v2\/categories?post=3851"},{"taxonomy":"post_tag","embeddable":true,"href":"https:\/\/tvbrazilusa.com\/pt\/wp-json\/wp\/v2\/tags?post=3851"}],"curies":[{"name":"wp","href":"https:\/\/api.w.org\/{rel}","templated":true}]}}