{"id":38529,"date":"2024-09-17T18:22:38","date_gmt":"2024-09-17T18:22:38","guid":{"rendered":"https:\/\/tvbrazilusa.com\/2024\/09\/17\/coronavac-vence-no-estoque-e-governo-lula-desperdica-r-260-milhoes-paulo-figueiredo\/"},"modified":"2024-09-17T22:44:32","modified_gmt":"2024-09-17T22:44:32","slug":"coronavac-vence-no-estoque-e-governo-lula-desperdica-r-260-milhoes-paulo-figueiredo","status":"publish","type":"post","link":"https:\/\/tvbrazilusa.com\/pt\/2024\/09\/17\/coronavac-vence-no-estoque-e-governo-lula-desperdica-r-260-milhoes-paulo-figueiredo\/","title":{"rendered":"CoronaVac vence no estoque, e governo Lula desperdi\u00e7a R$ 260 milh\u00f5es &#8211; Paulo Figueiredo"},"content":{"rendered":"<p> <script async src=\"https:\/\/pagead2.googlesyndication.com\/pagead\/js\/adsbygoogle.js?client=ca-pub-8864793242727901\"\r\n     crossorigin=\"anonymous\"><\/script><br \/>\n<\/p>\n<div id=\"wtr-content\" data-bg=\"#FFFFFF\" data-fg=\"#006d91\" data-width=\"25\" data-mute=\"1\" data-fgopacity=\"1.00\" data-mutedopacity=\"0.5\" data-placement=\"bottom\" data-placement-offset=\"0\" data-content-offset=\"262\" data-placement-touch=\"bottom\" data-placement-offset-touch=\"0\" data-transparent=\"\" data-shadow=\"0\" data-touch=\"1\" data-non-touch=\"1\" data-comments=\"0\" data-commentsbg=\"transparent\" data-location=\"page\" data-mutedfg=\"#006d91\" data-endfg=\"#006d91\" data-rtl=\"\">\n<h3 class=\"wp-block-heading\">Minist\u00e9rio da Sa\u00fade dispensou prote\u00e7\u00e3o contratual e 80% do lote encalhou<\/h3>\n<p>O governo de Luiz In\u00e1cio Lula da Silva (PT) desperdi\u00e7ou ao menos R$ 260 milh\u00f5es em vacinas CoronaVac compradas no fim de setembro de 2023. \u00c0 \u00e9poca, o imunizante j\u00e1 apresentava papel secund\u00e1rio na campanha do\u00a0<strong>Sistema \u00danico de Sa\u00fade (SUS)<\/strong>\u00a0por n\u00e3o estar atualizado para variantes da covid-19.<\/p>\n<p>Segundo\u00a0<strong>apura\u00e7\u00e3o<\/strong>\u00a0\u00e9 do jornal\u00a0<em>Folha de S.Paulo<\/em>, dias antes da entrega das doses, o Minist\u00e9rio da Sa\u00fade isentou o Instituto Butantan da obriga\u00e7\u00e3o de substituir os lotes com validade inferior ao prazo definido no contrato.<\/p>\n<p>O valor perdido equivale a cerca de 8 milh\u00f5es de doses que seguem no estoque do minist\u00e9rio, todas vencidas ou nos \u00faltimos dias de validade, dos 10 milh\u00f5es de unidades adquiridos.<\/p>\n<p>Os dados sobre as vacinas armazenadas foram obtidos pela\u00a0<em>Folha\u00a0<\/em>via Lei de Acesso \u00e0 Informa\u00e7\u00e3o.<\/p>\n<p>A conta sobre o preju\u00edzo do governo ainda \u00e9 conservadora, pois o \u201cvacin\u00f4metro\u201d do Minist\u00e9rio da Sa\u00fade revela que doses distribu\u00eddas a Estados e munic\u00edpios tamb\u00e9m perderam validade.<\/p>\n<p>Somente 260 mil unidades da CoronaVac foram aplicadas no pa\u00eds desde outubro do ano passado, ou seja, no pior cen\u00e1rio, mais de 97% da compra foi desperdi\u00e7ada.<\/p>\n<p>O minist\u00e9rio n\u00e3o respondeu \u00e0\u00a0<em>Folha\u00a0<\/em>por qual raz\u00e3o manteve a compra da vacina que j\u00e1 estava em desuso no SUS. A pasta tamb\u00e9m n\u00e3o confirmou quantas doses foram perdidas, al\u00e9m daquelas que seguem no estoque.<\/p>\n<h3 class=\"wp-block-heading\">Compra do imunizante envolveu processo burocr\u00e1tico<\/h3>\n<p>O processo de aquisi\u00e7\u00e3o do imunizante se arrastou de 24 de fevereiro a 28 de setembro do ano passado.<\/p>\n<p>A ideia do Minist\u00e9rio da Sa\u00fade era ter aplicado as doses a partir de maio na campanha de multivacina\u00e7\u00e3o, mas o imunizante chegou aos estoques do governo Lula em 25 de outubro.<\/p>\n<p>A pasta disse que comprou a CoronaVac para o p\u00fablico infantil, e que o quantitativo \u201clevou em considera\u00e7\u00e3o a estimativa para completar o esquema vacinal (tr\u00eas doses) de crian\u00e7as de 3 a 11 anos\u201d. No total, os 10 milh\u00f5es de doses custaram R$ 330 milh\u00f5es.<\/p>\n<p>A decis\u00e3o de dispensar a carta de troca das doses com validade curta se deu por e-mail e sem parecer jur\u00eddico anexado ao processo.<\/p>\n<p>T\u00e9cnicos da pasta disseram, entre outras justificativas, que a compra estava atrasada e havia veto da Ag\u00eancia Nacional de Vigil\u00e2ncia Sanit\u00e1ria (Anvisa) para a produ\u00e7\u00e3o de novos produtos que s\u00f3 tivessem autoriza\u00e7\u00e3o emergencial de uso.<\/p>\n<p>Ou seja, seria invi\u00e1vel o Butantan fabricar novas doses para repor o estoque eventualmente vencido, pois a CoronaVac n\u00e3o tem o registro definitivo da ag\u00eancia.<\/p>\n<p>Os documentos tamb\u00e9m revelam que o laborat\u00f3rio fabricou as vacinas entre fevereiro e mar\u00e7o de 2023, cerca de sete meses antes da formaliza\u00e7\u00e3o da compra.<\/p>\n<p>Com as doses entregues \u00e0 Sa\u00fade, o instituto informou \u00e0 Anvisa que desistiu do pedido de registro definitivo do imunizante, pois n\u00e3o estava mais interessado em produzir a vacina, encerrando o ciclo da CoronaVac no Brasil.<\/p>\n<p>O contrato foi o mais volumoso de vacinas da covid-19 assinado no primeiro ano do governo Lula. Ainda assim, n\u00e3o foi divulgado no site nem em redes sociais da pasta. A formaliza\u00e7\u00e3o da compra saiu apenas no\u00a0<em>Di\u00e1rio Oficial da Uni\u00e3o<\/em>.<\/p>\n<p>Em dezembro de 2023, semanas depois de receber as doses, o minist\u00e9rio mudou orienta\u00e7\u00f5es sobre a campanha de imuniza\u00e7\u00e3o no SUS e definiu que a CoronaVac deveria ser utilizada em \u201csitua\u00e7\u00f5es espec\u00edficas\u201d, como na falta ou contraindica\u00e7\u00e3o de outros imunizantes em crian\u00e7as de 3 a 4 anos, tamb\u00e9m em crian\u00e7as n\u00e3o vacinadas na idade recomendada.<\/p>\n<h3 class=\"wp-block-heading\">Minist\u00e9rio n\u00e3o respondeu sobre acerto de compra da CoronaVac<\/h3>\n<p>Questionado pela\u00a0<em>Folha<\/em>, o Minist\u00e9rio Sa\u00fade n\u00e3o respondeu se havia um acerto, ainda que informal, para comprar as doses j\u00e1 fabricadas do laborat\u00f3rio paulista.<\/p>\n<p>O Butantan disse que \u201co lote de 10 milh\u00f5es, dispon\u00edvel j\u00e1 em mar\u00e7o de 2023, foi entregue dentro do prazo de validade estipulado pelo Minist\u00e9rio da Sa\u00fade\u201d.<\/p>\n<p>O instituto formalizou propostas em fevereiro, maio e setembro, todas com entrega das doses em at\u00e9 dez dias, segundo o processo de compra. J\u00e1 o Minist\u00e9rio da Sa\u00fade atrasou a finaliza\u00e7\u00e3o da compra diversas vezes para resolver pend\u00eancias t\u00e9cnicas e jur\u00eddicas.<\/p>\n<p>O Minist\u00e9rio da Sa\u00fade prometeu, para 2024, entregar 70 milh\u00f5es de imunizantes, mas s\u00f3 fechou uma compra emergencial de 12,5 milh\u00f5es de vacinas da Moderna, adaptadas \u00e0 variante XBB e entregues com atraso a partir de maio. Outra licita\u00e7\u00e3o, de at\u00e9 69 milh\u00f5es de unidades, est\u00e1 em andamento.<\/p>\n<p><strong><a href=\"https:\/\/revistaoeste.com\/brasil\/coronavac-vence-no-estoque-e-governo-lula-desperdica-r-260-mi\/\">Source link<\/a><\/strong><\/p>\n<\/div>\n<p><br \/>\n<br \/><a href=\"https:\/\/paulofigueiredoshow.com\/coronavac-vence-no-estoque-e-governo-lula-desperdica-r-260-milhoes\/\">Source link <\/a><\/p>","protected":false},"excerpt":{"rendered":"<p>Minist\u00e9rio da Sa\u00fade dispensou prote\u00e7\u00e3o contratual e 80% do lote encalhou O governo de Luiz In\u00e1cio Lula da Silva (PT) desperdi\u00e7ou ao menos R$ 260 milh\u00f5es em vacinas CoronaVac compradas&hellip;<\/p>","protected":false},"author":1,"featured_media":38530,"comment_status":"closed","ping_status":"open","sticky":false,"template":"","format":"standard","meta":{"content-type":"","footnotes":""},"categories":[16],"tags":[20853,20854,336,89,1378,20855],"class_list":["post-38529","post","type-post","status-publish","format-standard","has-post-thumbnail","hentry","category-noticias","tag-260-milhoes","tag-estoque","tag-governo","tag-lula","tag-pt","tag-vencidas"],"_links":{"self":[{"href":"https:\/\/tvbrazilusa.com\/pt\/wp-json\/wp\/v2\/posts\/38529","targetHints":{"allow":["GET"]}}],"collection":[{"href":"https:\/\/tvbrazilusa.com\/pt\/wp-json\/wp\/v2\/posts"}],"about":[{"href":"https:\/\/tvbrazilusa.com\/pt\/wp-json\/wp\/v2\/types\/post"}],"author":[{"embeddable":true,"href":"https:\/\/tvbrazilusa.com\/pt\/wp-json\/wp\/v2\/users\/1"}],"replies":[{"embeddable":true,"href":"https:\/\/tvbrazilusa.com\/pt\/wp-json\/wp\/v2\/comments?post=38529"}],"version-history":[{"count":1,"href":"https:\/\/tvbrazilusa.com\/pt\/wp-json\/wp\/v2\/posts\/38529\/revisions"}],"predecessor-version":[{"id":38531,"href":"https:\/\/tvbrazilusa.com\/pt\/wp-json\/wp\/v2\/posts\/38529\/revisions\/38531"}],"wp:featuredmedia":[{"embeddable":true,"href":"https:\/\/tvbrazilusa.com\/pt\/wp-json\/wp\/v2\/media\/38530"}],"wp:attachment":[{"href":"https:\/\/tvbrazilusa.com\/pt\/wp-json\/wp\/v2\/media?parent=38529"}],"wp:term":[{"taxonomy":"category","embeddable":true,"href":"https:\/\/tvbrazilusa.com\/pt\/wp-json\/wp\/v2\/categories?post=38529"},{"taxonomy":"post_tag","embeddable":true,"href":"https:\/\/tvbrazilusa.com\/pt\/wp-json\/wp\/v2\/tags?post=38529"}],"curies":[{"name":"wp","href":"https:\/\/api.w.org\/{rel}","templated":true}]}}