{"id":38550,"date":"2024-09-17T23:54:52","date_gmt":"2024-09-17T23:54:52","guid":{"rendered":"https:\/\/tvbrazilusa.com\/2024\/09\/17\/confira-foto-inedita-do-submarino-titan-apos-a-implosao-em-2023\/"},"modified":"2024-09-17T23:54:54","modified_gmt":"2024-09-17T23:54:54","slug":"confira-foto-inedita-do-submarino-titan-apos-a-implosao-em-2023","status":"publish","type":"post","link":"https:\/\/tvbrazilusa.com\/pt\/2024\/09\/17\/confira-foto-inedita-do-submarino-titan-apos-a-implosao-em-2023\/","title":{"rendered":"Confira foto in\u00e9dita do submarino Titan ap\u00f3s a implos\u00e3o em 2023"},"content":{"rendered":"<p> <script async src=\"https:\/\/pagead2.googlesyndication.com\/pagead\/js\/adsbygoogle.js?client=ca-pub-8864793242727901\"\r\n     crossorigin=\"anonymous\"><\/script><br \/>\n<\/p>\n<div id=\"taboola-read-more\" style=\"display:block; width:100%\">\n<p>Em 22 de junho de 2023, uma implos\u00e3o catastr\u00f3fica do submarino Titan resultou na morte de cinco pessoas que estavam a bordo do ve\u00edculo submers\u00edvel pertencente \u00e0 OceanGate. A trag\u00e9dia ocorreu durante uma expedi\u00e7\u00e3o aos destro\u00e7os do navio Titanic, localizado a mais de 3 mil metros de profundidade.<\/p>\n<p>A divulga\u00e7\u00e3o das descobertas feita pela Guarda Costeira dos EUA trouxe \u00e0 tona detalhes sobre as condi\u00e7\u00f5es que levaram ao acidente. O ve\u00edculo n\u00e3o havia sido submetido a revis\u00f5es t\u00e9cnicas por especialistas externos, conforme revelado nas audi\u00eancias p\u00fablicas realizadas na semana de investiga\u00e7\u00f5es.<\/p>\n<\/p>\n<p>Carca\u00e7a do submarino Titan encontrada durante investiga\u00e7\u00e3o sobre implos\u00e3o. Imagem foi revelada em 16 de setembro de 2024. \u2014 Foto: Guarda Costeira da Marinha dos EUA<\/p>\n<h2 class=\"wp-block-heading\">O que levou \u00e0 implos\u00e3o do submarino Titan?<\/h2>\n<p>O Titan desapareceu em 18 de junho de 2023, e suas \u00faltimas comunica\u00e7\u00f5es indicavam uma situa\u00e7\u00e3o normal. Entretanto, sua estrutura possivelmente j\u00e1 estava comprometida devido a meses de exposi\u00e7\u00e3o a condi\u00e7\u00f5es clim\u00e1ticas adversas durante o armazenamento. Este fator pode ter deteriorado o casco, resultando na trag\u00e9dia.<\/p>\n<h2 class=\"wp-block-heading\">Como foi feita a busca pelos destro\u00e7os do Titan?<\/h2>\n<p>\u00a0<\/p>\n<p>No dia 22 de junho de 2023, \u00e0s 10h50 (hor\u00e1rio local), o ve\u00edculo operado remotamente (ROV) da Pelagic Research Services encontrou o cone de cauda do Titan e outros destro\u00e7os no fundo do mar. Esta descoberta crucial foi determinante para confirmar a implos\u00e3o e a morte de todos os tripulantes a bordo.<\/p>\n<h2 class=\"wp-block-heading\">O que dizem os especialistas sobre as causas da implos\u00e3o?<\/h2>\n<p>De acordo com a Guarda Costeira, considerados todos os fatores, as falhas estruturais n\u00e3o foram percebidas a tempo pelos tripulantes. A hip\u00f3tese de que ru\u00eddos detectados durante as buscas pudessem ser batidas de dentro do submarino em pedido de socorro n\u00e3o foi confirmada.<\/p>\n<h3 class=\"wp-block-heading\">Testes e falhas do Titan<\/h3>\n<p>\u00a0<\/p>\n<p>As audi\u00eancias tamb\u00e9m revelaram que o Titan nunca passou por inspe\u00e7\u00f5es t\u00e9cnicas externas. Al\u00e9m disso, o armazenamento inapropriado sob condi\u00e7\u00f5es clim\u00e1ticas rigorosas pode ter contribu\u00eddo para a deteriora\u00e7\u00e3o da sua estrutura.<\/p>\n<h2 class=\"wp-block-heading\">Qual foi o impacto das descobertas e das audi\u00eancias?<\/h2>\n<p>As audi\u00eancias realizadas pela Guarda Costeira at\u00e9 hoje visam esclarecer as causas da trag\u00e9dia e prevenir futuros incidentes semelhantes. Jason Neubauer, diretor de investiga\u00e7\u00f5es da institui\u00e7\u00e3o, ressaltou a import\u00e2ncia de entender o que aconteceu para lan\u00e7ar luz sobre as falhas e evitar que uma trag\u00e9dia como essa volte a ocorrer.<\/p>\n<p>\u00a0<\/p>\n<p>Embora os detalhes completos do acidente ainda estejam sendo investigados, a perda dos cinco tripulantes \u00e9 uma dura realidade que impactou suas fam\u00edlias e a comunidade mar\u00edtima. A s\u00e9rie de audi\u00eancias continua, com previs\u00f5es de t\u00e9rmino na pr\u00f3xima semana, quando um relat\u00f3rio final com conclus\u00f5es e recomenda\u00e7\u00f5es ser\u00e1 enviado ao governo dos EUA.<\/p>\n<ul class=\"wp-block-list\">\n<li>O Titan nunca foi revisado por t\u00e9cnicos de fora da empresa OceanGate.<\/li>\n<li>O submarino foi exposto a condi\u00e7\u00f5es clim\u00e1ticas adversas durante meses, deteriorando seu casco.<\/li>\n<li>As \u00faltimas comunica\u00e7\u00f5es registradas do Titan n\u00e3o indicavam problemas.<\/li>\n<li>Os destro\u00e7os foram encontrados a 3.600 metros de profundidade.<\/li>\n<li>Jason Neubauer lidera as audi\u00eancias que visam investigar e prevenir futuras trag\u00e9dias.<\/li>\n<\/ul>\n<p>Assim, a trag\u00e9dia do submarino Titan nos lembra da import\u00e2ncia de rigorosas revis\u00f5es t\u00e9cnicas e de manter as condi\u00e7\u00f5es ideais de armazenamento para ve\u00edculos submers\u00edveis. O desfecho das audi\u00eancias proporcionar\u00e1 maior compreens\u00e3o sobre essa trag\u00e9dia e medidas preventivas necess\u00e1rias para a seguran\u00e7a das expedi\u00e7\u00f5es submarinas futuras.<\/p>\n<p><strong>Terra Brasil Not\u00edcias\u00a0<\/strong><\/p>\n<\/p><\/div>\n<p><br \/>\n<br \/><a href=\"https:\/\/diariodobrasilnoticias.com.br\/noticia\/confira-foto-inedita-do-submarino-titan-apos-a-implosao-em-2023-66e9f049acdfb\">Source link <\/a><\/p>","protected":false},"excerpt":{"rendered":"<p>Em 22 de junho de 2023, uma implos\u00e3o catastr\u00f3fica do submarino Titan resultou na morte de cinco pessoas que estavam a bordo do ve\u00edculo submers\u00edvel pertencente \u00e0 OceanGate. A trag\u00e9dia&hellip;<\/p>","protected":false},"author":1,"featured_media":38551,"comment_status":"closed","ping_status":"open","sticky":false,"template":"","format":"standard","meta":{"content-type":"","footnotes":""},"categories":[16],"tags":[123,2448,5313,1267],"class_list":["post-38550","post","type-post","status-publish","format-standard","has-post-thumbnail","hentry","category-noticias","tag-brasil","tag-diario","tag-noticia","tag-noticias"],"_links":{"self":[{"href":"https:\/\/tvbrazilusa.com\/pt\/wp-json\/wp\/v2\/posts\/38550","targetHints":{"allow":["GET"]}}],"collection":[{"href":"https:\/\/tvbrazilusa.com\/pt\/wp-json\/wp\/v2\/posts"}],"about":[{"href":"https:\/\/tvbrazilusa.com\/pt\/wp-json\/wp\/v2\/types\/post"}],"author":[{"embeddable":true,"href":"https:\/\/tvbrazilusa.com\/pt\/wp-json\/wp\/v2\/users\/1"}],"replies":[{"embeddable":true,"href":"https:\/\/tvbrazilusa.com\/pt\/wp-json\/wp\/v2\/comments?post=38550"}],"version-history":[{"count":1,"href":"https:\/\/tvbrazilusa.com\/pt\/wp-json\/wp\/v2\/posts\/38550\/revisions"}],"predecessor-version":[{"id":38552,"href":"https:\/\/tvbrazilusa.com\/pt\/wp-json\/wp\/v2\/posts\/38550\/revisions\/38552"}],"wp:featuredmedia":[{"embeddable":true,"href":"https:\/\/tvbrazilusa.com\/pt\/wp-json\/wp\/v2\/media\/38551"}],"wp:attachment":[{"href":"https:\/\/tvbrazilusa.com\/pt\/wp-json\/wp\/v2\/media?parent=38550"}],"wp:term":[{"taxonomy":"category","embeddable":true,"href":"https:\/\/tvbrazilusa.com\/pt\/wp-json\/wp\/v2\/categories?post=38550"},{"taxonomy":"post_tag","embeddable":true,"href":"https:\/\/tvbrazilusa.com\/pt\/wp-json\/wp\/v2\/tags?post=38550"}],"curies":[{"name":"wp","href":"https:\/\/api.w.org\/{rel}","templated":true}]}}