{"id":38556,"date":"2024-09-18T00:16:37","date_gmt":"2024-09-18T00:16:37","guid":{"rendered":"https:\/\/tvbrazilusa.com\/2024\/09\/18\/lula-deve-evitar-enfrentar-cobrancas-sobre-queimadas-na-onu\/"},"modified":"2024-09-18T00:16:38","modified_gmt":"2024-09-18T00:16:38","slug":"lula-deve-evitar-enfrentar-cobrancas-sobre-queimadas-na-onu","status":"publish","type":"post","link":"https:\/\/tvbrazilusa.com\/pt\/2024\/09\/18\/lula-deve-evitar-enfrentar-cobrancas-sobre-queimadas-na-onu\/","title":{"rendered":"Lula deve evitar enfrentar cobran\u00e7as sobre queimadas na ONU"},"content":{"rendered":"<p> <script async src=\"https:\/\/pagead2.googlesyndication.com\/pagead\/js\/adsbygoogle.js?client=ca-pub-8864793242727901\"\r\n     crossorigin=\"anonymous\"><\/script><br \/>\n<\/p>\n<div id=\"taboola-read-more\" style=\"display:block; width:100%\">\n<p>O presidente Luiz In\u00e1cio Lula da Silva (PT) participa, na pr\u00f3xima semana, da Assembleia Geral das Na\u00e7\u00f5es Unidas. Em seu discurso, o petista deve manter a narrativa por cobran\u00e7a a pa\u00edses desenvolvidos em projetos de preserva\u00e7\u00e3o em na\u00e7\u00f5es em desenvolvimento, enquanto evita questionamentos sobre as queimadas que assolam o Brasil.<\/p>\n<p>&#8220;Como j\u00e1 tem sido enfatizado, o que a gente tem visto no Brasil tem uma rela\u00e7\u00e3o muito grande com eventos clim\u00e1ticos extremos&#8221;, justificou o o embaixador Carlos M\u00e1rcio Bicalho Cozendey \u00e0 imprensa quando questionado sobre a postura que o Brasil deve adotar sobre a crise clim\u00e1tica no pa\u00eds.<\/p>\n<p>Cozendey afirmou ainda que o mandat\u00e1rio brasileiro deve &#8220;devolver&#8221; tais cobran\u00e7as para os pa\u00edses desenvolvidos. &#8220;Nesse sentido, acho que \u00e9 o contr\u00e1rio: voc\u00ea vai levar [a quest\u00e3o] para o cen\u00e1rio internacional e dizer que \u00e9 preciso atuar e agir rapidamente porque vejam s\u00f3 o que est\u00e1 acontecendo no Brasil&#8221;, declarou.<\/p>\n<p>Desde que retornou ao Planalto, em 2023, Lula tem utilizado a pauta ambiental para inflar sua narrativa em busca de protagonismo sobre o tema. Em seus \u00faltimos discursos em organismos internacionais, Lula cobrou mais investimentos dos pa\u00edses ricos para a preserva\u00e7\u00e3o ambiental e transi\u00e7\u00e3o energ\u00e9tica.<\/p>\n<p>Nos \u00faltimos meses, contudo, a gest\u00e3o petista tem se mostrado ineficaz no que diz respeito ao combate \u00e0s queimadas que t\u00eam assolado o pa\u00eds de norte a sul. Apesar de n\u00e3o conseguir mostrar efetividade na resolu\u00e7\u00e3o da crise clim\u00e1tica que o Brasil tem enfrentado, Lula n\u00e3o abre m\u00e3o do discurso por lideran\u00e7a ambiental.<\/p>\n<p>Durante sua passagem por Nova York, Lula deve deixar de lado as crises internas e tentar ecoar a agenda brasileira no G20, bloco das maiores economias do mundo que o Brasil preside neste ano. A presid\u00eancia brasileira no \u00f3rg\u00e3o tem sido ofuscada por deslizes de Lula na pol\u00edtica externa e n\u00e3o tem tido o resultado esperado.<\/p>\n<h2 tabindex=\"0\">Lula em Nova York<\/h2>\n<p tabindex=\"0\">A comitiva brasileira viaja para Nova York nesta semana. Nos dias 22 e 23, Lula mant\u00e9m agendas no \u00e2mbito da C\u00fapula do Futuro, que pretende estabelecer compromissos com os pa\u00edses com foco no multilateralismo. J\u00e1 no dia 24 participa da Assembleia Geral da ONU e faz o discurso de abertura da c\u00fapula.<\/p>\n<p tabindex=\"0\">\u00a0<\/p>\n<p tabindex=\"0\">Ainda no dia 24 o mandat\u00e1rio brasileiro tem agendas bilaterais e se re\u00fane com o secret\u00e1rio-geral das Na\u00e7\u00f5es Unidas, Antonio Guterres. No mesmo dia, Lula vai copresidir, ao lado do premi\u00ea da Espanha, Pedro Sanchez, uma mesa redonda para discutir a democracia e o combate ao extremismo.<\/p>\n<p tabindex=\"0\">\u00a0<\/p>\n<p tabindex=\"0\">No dia 25, o petista realiza uma agenda do G20 no \u00e2mbito das Na\u00e7\u00f5es Unidas. Agenda \u00e9 voltada para o grupo, mas poder\u00e1 contar com a participa\u00e7\u00e3o de todos os pa\u00edses-membros da ONU que tiverem interesse em participar. No encontro, o Brasil deve refor\u00e7ar sua agenda como presidente do bloco e reiterar pautas lan\u00e7adas pelo pa\u00eds, como a Alian\u00e7a Global Contra a Fome.<\/p>\n<p tabindex=\"0\"><strong>Gazeta do Povo\u00a0<\/strong><\/p>\n<\/p><\/div>\n<p><br \/>\n<br \/><a href=\"https:\/\/diariodobrasilnoticias.com.br\/noticia\/lula-deve-evitar-enfrentar-cobrancas-sobre-queimadas-na-onu-66e9f1c5c959b\">Source link <\/a><\/p>","protected":false},"excerpt":{"rendered":"<p>O presidente Luiz In\u00e1cio Lula da Silva (PT) participa, na pr\u00f3xima semana, da Assembleia Geral das Na\u00e7\u00f5es Unidas. Em seu discurso, o petista deve manter a narrativa por cobran\u00e7a a&hellip;<\/p>","protected":false},"author":1,"featured_media":38557,"comment_status":"closed","ping_status":"open","sticky":false,"template":"","format":"standard","meta":{"content-type":"","footnotes":""},"categories":[16],"tags":[123,2448,5313,1267],"class_list":["post-38556","post","type-post","status-publish","format-standard","has-post-thumbnail","hentry","category-noticias","tag-brasil","tag-diario","tag-noticia","tag-noticias"],"_links":{"self":[{"href":"https:\/\/tvbrazilusa.com\/pt\/wp-json\/wp\/v2\/posts\/38556","targetHints":{"allow":["GET"]}}],"collection":[{"href":"https:\/\/tvbrazilusa.com\/pt\/wp-json\/wp\/v2\/posts"}],"about":[{"href":"https:\/\/tvbrazilusa.com\/pt\/wp-json\/wp\/v2\/types\/post"}],"author":[{"embeddable":true,"href":"https:\/\/tvbrazilusa.com\/pt\/wp-json\/wp\/v2\/users\/1"}],"replies":[{"embeddable":true,"href":"https:\/\/tvbrazilusa.com\/pt\/wp-json\/wp\/v2\/comments?post=38556"}],"version-history":[{"count":1,"href":"https:\/\/tvbrazilusa.com\/pt\/wp-json\/wp\/v2\/posts\/38556\/revisions"}],"predecessor-version":[{"id":38558,"href":"https:\/\/tvbrazilusa.com\/pt\/wp-json\/wp\/v2\/posts\/38556\/revisions\/38558"}],"wp:featuredmedia":[{"embeddable":true,"href":"https:\/\/tvbrazilusa.com\/pt\/wp-json\/wp\/v2\/media\/38557"}],"wp:attachment":[{"href":"https:\/\/tvbrazilusa.com\/pt\/wp-json\/wp\/v2\/media?parent=38556"}],"wp:term":[{"taxonomy":"category","embeddable":true,"href":"https:\/\/tvbrazilusa.com\/pt\/wp-json\/wp\/v2\/categories?post=38556"},{"taxonomy":"post_tag","embeddable":true,"href":"https:\/\/tvbrazilusa.com\/pt\/wp-json\/wp\/v2\/tags?post=38556"}],"curies":[{"name":"wp","href":"https:\/\/api.w.org\/{rel}","templated":true}]}}