{"id":38559,"date":"2024-09-18T00:15:31","date_gmt":"2024-09-18T00:15:31","guid":{"rendered":"https:\/\/tvbrazilusa.com\/2024\/09\/18\/homem-de-massachusetts-fica-gravemente-ferido-em-incidente-de-paraquedismo-no-maine\/"},"modified":"2024-09-18T00:15:31","modified_gmt":"2024-09-18T00:15:31","slug":"homem-de-massachusetts-fica-gravemente-ferido-em-incidente-de-paraquedismo-no-maine","status":"publish","type":"post","link":"https:\/\/tvbrazilusa.com\/pt\/2024\/09\/18\/homem-de-massachusetts-fica-gravemente-ferido-em-incidente-de-paraquedismo-no-maine\/","title":{"rendered":"Homem de Massachusetts fica gravemente ferido em incidente de paraquedismo no Maine"},"content":{"rendered":"<p> <script async src=\"https:\/\/pagead2.googlesyndication.com\/pagead\/js\/adsbygoogle.js?client=ca-pub-8864793242727901\"\r\n     crossorigin=\"anonymous\"><\/script><br \/>\n<br \/><img decoding=\"async\" src=\"https:\/\/www.boston.com\/wp-content\/themes\/bdc-2020\/images\/tease-defaults\/fallback-tease-image-4x3-medium.png\" \/><\/p>\n<div id=\"\">\n<header class=\"m-article-header m-article-header--standard\">\n\t\t\t\t\t\t\t\t\t\t\t\t<span id=\"article-header-primary-term\"><br \/>\n\t\t\t\t\t\t\t\t<a class=\"a-term a-term--primary\" href=\"https:\/\/www.boston.com\/tag\/local-news\/\"><\/p>\n<p>\t\t\t\t\t\t\t\tNot\u00edcias locais\t\t\t\t\t\t\t\t<\/a><br \/>\n\t\t\t\t\t\t\t<\/span><\/p>\n<h2 class=\"m-article-header__sub-headline\">A Skydive New England disse que o homem de 57 anos havia feito 33 saltos antes do \u201cimpacto extremamente forte\u201d de segunda-feira.<\/h2>\n<figure class=\"a-photo m-article-header__photo\"><figcaption class=\"a-photo__caption\">\n\t<em> <\/em>\t<\/figcaption><\/figure>\n<\/header>\n<p>Um homem de Massachusetts ficou gravemente ferido na segunda-feira quando caiu com um &#8220;impacto extremamente forte&#8221; enquanto praticava paraquedismo no Maine. <\/p>\n<p>Manny Silva, 57, de Dartmouth, estava consciente e alerta quando os primeiros socorristas chegaram ao local no Skydive New England em Lebanon, Maine, News Center Maine <a href=\"https:\/\/www.newscentermaine.com\/article\/news\/local\/public-safety\/skydive-new-england-injury-landing-lebanon\/97-ea28281c-2409-4da8-a1e9-eb8f029c34fa\" target=\"_blank\" rel=\"noreferrer noopener\">relat\u00f3rios<\/a>. O incidente ocorreu quando ele n\u00e3o conseguiu executar um \u201cflair\u201d durante um mergulho, uma manobra que lhe permitiria diminuir a velocidade antes do pouso, disseram autoridades \u00e0 esta\u00e7\u00e3o.<\/p>\n<p>Ele foi levado ao hospital com ferimentos graves de helic\u00f3ptero, de acordo com o News Center Maine. <\/p>\n<p>Em uma declara\u00e7\u00e3o \u00e0 emissora, a Skydive New England disse que Silva j\u00e1 havia feito 33 saltos antes.<\/p>\n<p>\u201cDe acordo com testemunhas, a queda livre do paraquedista e a abertura do paraquedas pareceram normais, sem sinais de mau funcionamento do equipamento\u201d, disse a empresa. \u201cObservadores notaram que o paraquedas funcionou conforme o esperado durante a descida. No entanto, a uma altitude de aproximadamente 300 p\u00e9s, o paraquedista parou de voar ativamente o paraquedas por raz\u00f5es desconhecidas, levando a um pouso for\u00e7ado.\u201d<\/p>\n<p>A seguran\u00e7a de seus h\u00f3spedes continua sendo a \u201cprincipal prioridade\u201d, continuou a empresa. <\/p>\n<p>\u201cEstamos comprometidos em fornecer um ambiente seguro e de apoio para todos os nossos paraquedistas\u201d, afirmou <a href=\"https:\/\/www.newscentermaine.com\/article\/news\/local\/public-safety\/skydive-new-england-injury-landing-lebanon\/97-ea28281c-2409-4da8-a1e9-eb8f029c34fa\">disse ao News Center Maine<\/a>. <\/p>\n<p>A extens\u00e3o dos ferimentos de Silva n\u00e3o foi imediatamente conhecida, disse a empresa.<\/p>\n<div class=\"m-block m-generic-cta\t m-generic-cta--post-content\t m-generic-cta--dark\t m-generic-cta--homepage\t m-generic-cta--email-signup\t\t m-generic-cta-block-style--default \tt-amp__generic-cta\"><\/p>\n<div class=\"m-generic-cta__wrap\">\n<div class=\"m-generic-cta__content\">\n<h3 class=\"m-generic-cta__title\">Boston.com Hoje<\/h3>\n<p class=\"m-generic-cta__subtitle\">Inscreva-se para receber as \u00faltimas manchetes na sua caixa de entrada todas as manh\u00e3s.<\/p>\n<\/p><\/div>\n<\/p><\/div>\n<\/div><\/div>\n<p><script>\n\t\tvar consent=\"grant\";\n\t\t\/* The above code is parsing the JSON data from the local storage and storing it in a variable. *\/\n\t\t\t\t\tconst onetrustStorageConsent = JSON.parse(localStorage.getItem( 'consent_one_trust_bdc' ) );\n\t\t\tif ( ( onetrustStorageConsent !== null ) ) {\n\t\t\t\t\/* Checking to see if the user has consented to the use of cookies.\n\t\t\t\t* If they have not, it is deleting the cookie.\n\t\t\t\t* This will comment for now, until further notice.\n\t\t\t\t*\/\n\t\t\t\t\/\/if ( onetrustStorageConsent.C0002 === false ) {\n\t\t\t\t\/\/\tdocument.cookie=\"_fbp=;expires=Thu, 01 Jan 2010 00:00:00 UTC; path=\/; domain=.boston.com\";\n\t\t\t\t\/\/}\n\t\t\t\t\/* Checking if the user has given consent for the cookie C0002.\n\t\t\t\t* If the user has given consent, the variable consent will be set to 'grant'.\n\t\t\t\t* If the user has not given consent,the variable consent will be set to 'revoke'.\n\t\t\t\t* Documentation https:\/\/developers.facebook.com\/docs\/meta-pixel\/implementation\/gdpr\n\t\t\t\t*\/\n\t\t\t\tif ( onetrustStorageConsent.C0002 !== true ) {\n\t\t\t\t\tconsent=\"revoke\";\n\t\t\t\t}\n\t\t\t}\n\t\t\t\t!function(f,b,e,v,n,t,s)\n\t\t{if(f.fbq)return;n=f.fbq=function(){n.callMethod?\n\t\tn.callMethod.apply(n,arguments):n.queue.push(arguments)};\n\t\tif(!f._fbq)f._fbq=n;n.push=n;n.loaded=!0;n.version='2.0';\n\t\tn.queue=[];t=b.createElement(e);t.async=!0;\n\t\tt.src=v;s=b.getElementsByTagName(e)[0];\n\t\ts.parentNode.insertBefore(t,s)}(window, document,'script',\n\t\t'https:\/\/connect.facebook.net\/en_US\/fbevents.js');\n\t\tfbq('consent', consent);\n\t\tfbq('init', '989222871864976');\n\t\tfbq('track', 'PageView');\n\t<\/script><script type=\"module\">\n\t\tvar consent=\"grant\";\n\t\t\/* The above code is parsing the JSON data from the local storage and storing it in a variable. *\/\n\t\t\tconst onetrustStorageConsent = JSON.parse(localStorage.getItem( 'consent_one_trust_bdc' ) );\n\t\t\t\/* Checking to see if the user has consented to the use of cookies.\n\t\t\t* If they have not, it is deleting the cookie.\n\t\t\t* This will comment for now, until further notice.\n\t\t\t*\/\n\t\t\t\/\/if ( onetrustStorageConsent.C0002 === false ) {\n\t\t\t\/\/\tdocument.cookie=\"_fbp=;expires=Thu, 01 Jan 2010 00:00:00 UTC; path=\/; domain=.boston.com\";\n\t\t\t\/\/}\n\t\t\t\/* Checking if the user has given consent for the cookie C0002.\n\t\t\t* If the user has given consent, the variable consent will be set to 'grant'.\n\t\t\t* If the user has not given consent,the variable consent will be set to 'revoke'.\n\t\t\t* Documentation https:\/\/developers.facebook.com\/docs\/meta-pixel\/implementation\/gdpr\n\t\t\t*\/\n\t\t\tif ( ( onetrustStorageConsent !== null ) && (onetrustStorageConsent.C0002 !== true ) ) {\n\t\t\t\tconsent=\"revoke\";\n\t\t\t}\n\t\t\t\t!function(f,b,e,v,n,t,s){if(f.fbq)return;n=f.fbq=function()\n\t\t{n.callMethod? n.callMethod.apply(n,arguments):n.queue.push(arguments)}\n\t\t;if(!f._fbq)f._fbq=n;\n\t\tn.push=n;n.loaded=!0;n.version='2.0';n.queue=[];t=b.createElement(e);t.async=!0;\n\t\tt.src=v;s=b.getElementsByTagName(e)[0];s.parentNode.insertBefore(t,s)}(window,\n\t\tdocument,'script','https:\/\/connect.facebook.net\/en_US\/fbevents.js');\n\t\tfbq('consent', consent);\n\t\tfbq('init', '813236348753005');\n\t\tfbq('track', \"PageView\");\n\t<\/script><br \/>\n<br \/><br \/>\n<br \/><a href=\"https:\/\/www.boston.com\/news\/local-news\/2024\/09\/17\/mass-man-seriously-injured-in-maine-skydiving-incident\/\">Source link <\/a><\/p>","protected":false},"excerpt":{"rendered":"<p>Not\u00edcias locais A Skydive New England disse que o homem de 57 anos havia feito 33 saltos antes do \u201cimpacto extremamente forte\u201d de segunda-feira. Um homem de Massachusetts ficou gravemente&hellip;<\/p>","protected":false},"author":1,"featured_media":0,"comment_status":"","ping_status":"open","sticky":false,"template":"","format":"standard","meta":{"content-type":"","footnotes":""},"categories":[1],"tags":[],"class_list":["post-38559","post","type-post","status-publish","format-standard","hentry","category-uncategorized"],"_links":{"self":[{"href":"https:\/\/tvbrazilusa.com\/pt\/wp-json\/wp\/v2\/posts\/38559","targetHints":{"allow":["GET"]}}],"collection":[{"href":"https:\/\/tvbrazilusa.com\/pt\/wp-json\/wp\/v2\/posts"}],"about":[{"href":"https:\/\/tvbrazilusa.com\/pt\/wp-json\/wp\/v2\/types\/post"}],"author":[{"embeddable":true,"href":"https:\/\/tvbrazilusa.com\/pt\/wp-json\/wp\/v2\/users\/1"}],"replies":[{"embeddable":true,"href":"https:\/\/tvbrazilusa.com\/pt\/wp-json\/wp\/v2\/comments?post=38559"}],"version-history":[{"count":0,"href":"https:\/\/tvbrazilusa.com\/pt\/wp-json\/wp\/v2\/posts\/38559\/revisions"}],"wp:attachment":[{"href":"https:\/\/tvbrazilusa.com\/pt\/wp-json\/wp\/v2\/media?parent=38559"}],"wp:term":[{"taxonomy":"category","embeddable":true,"href":"https:\/\/tvbrazilusa.com\/pt\/wp-json\/wp\/v2\/categories?post=38559"},{"taxonomy":"post_tag","embeddable":true,"href":"https:\/\/tvbrazilusa.com\/pt\/wp-json\/wp\/v2\/tags?post=38559"}],"curies":[{"name":"wp","href":"https:\/\/api.w.org\/{rel}","templated":true}]}}