{"id":38569,"date":"2024-09-18T00:59:53","date_gmt":"2024-09-18T00:59:53","guid":{"rendered":"https:\/\/tvbrazilusa.com\/2024\/09\/18\/apos-o-relatorio-da-onu-maria-corina-solicita-intervencao-da-justica-internacional\/"},"modified":"2024-09-18T00:59:54","modified_gmt":"2024-09-18T00:59:54","slug":"apos-o-relatorio-da-onu-maria-corina-solicita-intervencao-da-justica-internacional","status":"publish","type":"post","link":"https:\/\/tvbrazilusa.com\/pt\/2024\/09\/18\/apos-o-relatorio-da-onu-maria-corina-solicita-intervencao-da-justica-internacional\/","title":{"rendered":"Ap\u00f3s o relat\u00f3rio da ONU, Mar\u00eda Corina solicita interven\u00e7\u00e3o da Justi\u00e7a internacional"},"content":{"rendered":"<p> <script async src=\"https:\/\/pagead2.googlesyndication.com\/pagead\/js\/adsbygoogle.js?client=ca-pub-8864793242727901\"\r\n     crossorigin=\"anonymous\"><\/script><br \/>\n<\/p>\n<div id=\"taboola-read-more\" style=\"display:block; width:100%\">\n<p>A l\u00edder da oposi\u00e7\u00e3o da Venezuela, Mar\u00eda Corina Machado, afirmou nesta ter\u00e7a-feira (17) que lideran\u00e7as do regime de Nicol\u00e1s Maduro devem ser levadas \u00e0 Justi\u00e7a internacional ap\u00f3s uma miss\u00e3o da ONU relatar crimes contra a humanidade no pa\u00eds sul-americano.<\/p>\n<p>Mais cedo, a Miss\u00e3o Internacional Independente de Apura\u00e7\u00e3o de Fatos da ONU sobre a Venezuela havia divulgado o resultado de uma an\u00e1lise da situa\u00e7\u00e3o do pa\u00eds entre setembro de 2023 e agosto de 2024, m\u00eas seguinte \u00e0 contestada elei\u00e7\u00e3o presidencial que o chavista Conselho Nacional Eleitoral (CNE) diz ter sido vencida por Maduro.<\/p>\n<p>No documento, a miss\u00e3o apontou que foram identificadas \u201cdiversas viola\u00e7\u00f5es, incluindo crimes contra a humanidade, devido \u00e0 persegui\u00e7\u00e3o por motiva\u00e7\u00f5es pol\u00edticas\u201d e que a repress\u00e3o \u00e9 parte de \u201cum plano cont\u00ednuo e coordenado para silenciar, desencorajar e reprimir a oposi\u00e7\u00e3o\u201d.<\/p>\n<p>Segundo informa\u00e7\u00f5es da ag\u00eancia EFE, em uma nota divulgada pela sua assessoria de imprensa no WhatsApp, Machado pediu que \u201cos respons\u00e1veis \u200b\u200bpor estes crimes sejam levados \u00e0 Justi\u00e7a internacional\u201d.<\/p>\n<p>\u201cA ditadura na Venezuela representa um perigo n\u00e3o s\u00f3 para os venezuelanos, mas para toda a regi\u00e3o\u201d, disse a l\u00edder oposicionista, que pediu que a miss\u00e3o seja renovada pelo Conselho de Direitos Humanos da ONU.<\/p>\n<p>\u201cA presen\u00e7a da miss\u00e3o \u00e9 fundamental para continuar documentando estes crimes e determinar a responsabilidade do regime. N\u00e3o podemos permitir que o sofrimento dos venezuelanos seja esquecido ou fique impune\u201d, afirmou Machado.<\/p>\n<p>O grupo pol\u00edtico dela sustenta que seu candidato, Edmundo Gonz\u00e1lez, venceu a elei\u00e7\u00e3o de 28 de julho, e divulgou num site atas de vota\u00e7\u00e3o que comprovam isso. Gonz\u00e1lez deixou a Venezuela rumo ao asilo pol\u00edtico na Espanha na semana passada, depois que a Justi\u00e7a chavista emitiu uma ordem de pris\u00e3o contra ele.<\/p>\n<p><strong>Gazeta do Povo\u00a0<\/strong><\/p>\n<\/p><\/div>\n<p><br \/>\n<br \/><a href=\"https:\/\/diariodobrasilnoticias.com.br\/noticia\/apos-o-relatorio-da-onu-maria-corina-solicita-intervencao-da-justica-internacional-66e9f231447e5\">Source link <\/a><\/p>","protected":false},"excerpt":{"rendered":"<p>A l\u00edder da oposi\u00e7\u00e3o da Venezuela, Mar\u00eda Corina Machado, afirmou nesta ter\u00e7a-feira (17) que lideran\u00e7as do regime de Nicol\u00e1s Maduro devem ser levadas \u00e0 Justi\u00e7a internacional ap\u00f3s uma miss\u00e3o da&hellip;<\/p>","protected":false},"author":1,"featured_media":38570,"comment_status":"closed","ping_status":"open","sticky":false,"template":"","format":"standard","meta":{"content-type":"","footnotes":""},"categories":[16],"tags":[123,2448,5313,1267],"class_list":["post-38569","post","type-post","status-publish","format-standard","has-post-thumbnail","hentry","category-noticias","tag-brasil","tag-diario","tag-noticia","tag-noticias"],"_links":{"self":[{"href":"https:\/\/tvbrazilusa.com\/pt\/wp-json\/wp\/v2\/posts\/38569","targetHints":{"allow":["GET"]}}],"collection":[{"href":"https:\/\/tvbrazilusa.com\/pt\/wp-json\/wp\/v2\/posts"}],"about":[{"href":"https:\/\/tvbrazilusa.com\/pt\/wp-json\/wp\/v2\/types\/post"}],"author":[{"embeddable":true,"href":"https:\/\/tvbrazilusa.com\/pt\/wp-json\/wp\/v2\/users\/1"}],"replies":[{"embeddable":true,"href":"https:\/\/tvbrazilusa.com\/pt\/wp-json\/wp\/v2\/comments?post=38569"}],"version-history":[{"count":1,"href":"https:\/\/tvbrazilusa.com\/pt\/wp-json\/wp\/v2\/posts\/38569\/revisions"}],"predecessor-version":[{"id":38571,"href":"https:\/\/tvbrazilusa.com\/pt\/wp-json\/wp\/v2\/posts\/38569\/revisions\/38571"}],"wp:featuredmedia":[{"embeddable":true,"href":"https:\/\/tvbrazilusa.com\/pt\/wp-json\/wp\/v2\/media\/38570"}],"wp:attachment":[{"href":"https:\/\/tvbrazilusa.com\/pt\/wp-json\/wp\/v2\/media?parent=38569"}],"wp:term":[{"taxonomy":"category","embeddable":true,"href":"https:\/\/tvbrazilusa.com\/pt\/wp-json\/wp\/v2\/categories?post=38569"},{"taxonomy":"post_tag","embeddable":true,"href":"https:\/\/tvbrazilusa.com\/pt\/wp-json\/wp\/v2\/tags?post=38569"}],"curies":[{"name":"wp","href":"https:\/\/api.w.org\/{rel}","templated":true}]}}