{"id":38572,"date":"2024-09-18T01:11:32","date_gmt":"2024-09-18T01:11:32","guid":{"rendered":"https:\/\/tvbrazilusa.com\/2024\/09\/18\/projota-e-vitima-de-assalto-e-e-mantido-refem-em-sua-propria-residencia\/"},"modified":"2024-09-18T01:11:33","modified_gmt":"2024-09-18T01:11:33","slug":"projota-e-vitima-de-assalto-e-e-mantido-refem-em-sua-propria-residencia","status":"publish","type":"post","link":"https:\/\/tvbrazilusa.com\/pt\/2024\/09\/18\/projota-e-vitima-de-assalto-e-e-mantido-refem-em-sua-propria-residencia\/","title":{"rendered":"Projota \u00e9 v\u00edtima de assalto e \u00e9 mantido ref\u00e9m em sua pr\u00f3pria resid\u00eancia"},"content":{"rendered":"<p> <script async src=\"https:\/\/pagead2.googlesyndication.com\/pagead\/js\/adsbygoogle.js?client=ca-pub-8864793242727901\"\r\n     crossorigin=\"anonymous\"><\/script><br \/>\n<\/p>\n<div id=\"taboola-read-more\" style=\"display:block; width:100%\">\n<p>O rapper e ex-participante do Big Brother Brasil, Projota, foi v\u00edtima de um assalto na madrugada desta ter\u00e7a-feira (17), em sua resid\u00eancia no bairro Granja Viana, em Cotia, na regi\u00e3o metropolitana de S\u00e3o Paulo. Durante o crime, o cantor foi feito ref\u00e9m por quatro assaltantes, que invadiram sua casa e chegaram a apontar uma arma para sua cabe\u00e7a.<\/p>\n<p>De acordo com informa\u00e7\u00f5es, os filhos de Projota, Marieva, de 3 anos, e Otto, de 1 ano, frutos de seu relacionamento com a ex-esposa Tamy Contro, tamb\u00e9m estavam presentes na casa no momento da invas\u00e3o. Entretanto, n\u00e3o foram divulgados detalhes adicionais sobre a situa\u00e7\u00e3o da fam\u00edlia.<\/p>\n<p>O delegado Alexandre Cavalheiro, respons\u00e1vel pela investiga\u00e7\u00e3o, revelou \u00e0 TV Bandeirantes que a quadrilha envolvida no assalto n\u00e3o sabia que a casa pertencia ao cantor. \u201cPelo o que entendemos, quando eles perceberam que era o Projota, um dos criminosos quis \u2018brincar\u2019 com ele, mostrando que estavam assaltando sua casa. Eles escolheram a resid\u00eancia de forma aleat\u00f3ria e acabaram se deparando com o artista\u201d, afirmou o delegado.<\/p>\n<p>Cavalheiro tamb\u00e9m destacou que os criminosos teriam vindo de uma \u00e1rea de mata pr\u00f3xima ao condom\u00ednio de luxo. \u201cO pr\u00f3prio Projota notou que os criminosos estavam com os p\u00e9s sujos de lama, e constatamos uma abertura na cerca do condom\u00ednio, por onde eles provavelmente tiveram acesso \u00e0 resid\u00eancia\u201d, explicou.<\/p>\n<p>Sobre as amea\u00e7as sofridas por Projota, o delegado ressaltou o impacto emocional causado no cantor e em sua fam\u00edlia. \u201cEra uma quadrilha violenta, que utilizou de amea\u00e7as e tortura psicol\u00f3gica. Eles chegaram a colocar a arma na boca do Projota e mostraram que ela estava carregada. Isso causou um grande impacto na fam\u00edlia. Trata-se de uma quadrilha especializada em assaltos a condom\u00ednios de luxo\u201d, concluiu Cavalheiro.<\/p>\n<p><strong>Gazeta Brasil\u00a0<\/strong><\/p>\n<\/p><\/div>\n<p><br \/>\n<br \/><a href=\"https:\/\/diariodobrasilnoticias.com.br\/noticia\/projota-e-vitima-de-assalto-e-e-mantido-refem-em-sua-propria-residencia-66ea122fa176f\">Source link <\/a><\/p>","protected":false},"excerpt":{"rendered":"<p>O rapper e ex-participante do Big Brother Brasil, Projota, foi v\u00edtima de um assalto na madrugada desta ter\u00e7a-feira (17), em sua resid\u00eancia no bairro Granja Viana, em Cotia, na regi\u00e3o&hellip;<\/p>","protected":false},"author":1,"featured_media":38573,"comment_status":"closed","ping_status":"open","sticky":false,"template":"","format":"standard","meta":{"content-type":"","footnotes":""},"categories":[16],"tags":[123,2448,5313,1267],"class_list":["post-38572","post","type-post","status-publish","format-standard","has-post-thumbnail","hentry","category-noticias","tag-brasil","tag-diario","tag-noticia","tag-noticias"],"_links":{"self":[{"href":"https:\/\/tvbrazilusa.com\/pt\/wp-json\/wp\/v2\/posts\/38572","targetHints":{"allow":["GET"]}}],"collection":[{"href":"https:\/\/tvbrazilusa.com\/pt\/wp-json\/wp\/v2\/posts"}],"about":[{"href":"https:\/\/tvbrazilusa.com\/pt\/wp-json\/wp\/v2\/types\/post"}],"author":[{"embeddable":true,"href":"https:\/\/tvbrazilusa.com\/pt\/wp-json\/wp\/v2\/users\/1"}],"replies":[{"embeddable":true,"href":"https:\/\/tvbrazilusa.com\/pt\/wp-json\/wp\/v2\/comments?post=38572"}],"version-history":[{"count":1,"href":"https:\/\/tvbrazilusa.com\/pt\/wp-json\/wp\/v2\/posts\/38572\/revisions"}],"predecessor-version":[{"id":38574,"href":"https:\/\/tvbrazilusa.com\/pt\/wp-json\/wp\/v2\/posts\/38572\/revisions\/38574"}],"wp:featuredmedia":[{"embeddable":true,"href":"https:\/\/tvbrazilusa.com\/pt\/wp-json\/wp\/v2\/media\/38573"}],"wp:attachment":[{"href":"https:\/\/tvbrazilusa.com\/pt\/wp-json\/wp\/v2\/media?parent=38572"}],"wp:term":[{"taxonomy":"category","embeddable":true,"href":"https:\/\/tvbrazilusa.com\/pt\/wp-json\/wp\/v2\/categories?post=38572"},{"taxonomy":"post_tag","embeddable":true,"href":"https:\/\/tvbrazilusa.com\/pt\/wp-json\/wp\/v2\/tags?post=38572"}],"curies":[{"name":"wp","href":"https:\/\/api.w.org\/{rel}","templated":true}]}}