{"id":38586,"date":"2024-09-18T01:50:11","date_gmt":"2024-09-18T01:50:11","guid":{"rendered":"https:\/\/tvbrazilusa.com\/2024\/09\/18\/stf-reduziu-pela-metade-a-pena-de-um-ex-deputado-condenado-na-lava-jato\/"},"modified":"2024-09-18T01:50:12","modified_gmt":"2024-09-18T01:50:12","slug":"stf-reduziu-pela-metade-a-pena-de-um-ex-deputado-condenado-na-lava-jato","status":"publish","type":"post","link":"https:\/\/tvbrazilusa.com\/pt\/2024\/09\/18\/stf-reduziu-pela-metade-a-pena-de-um-ex-deputado-condenado-na-lava-jato\/","title":{"rendered":"STF reduziu pela metade a pena de um ex-deputado condenado na Lava Jato"},"content":{"rendered":"<p> <script async src=\"https:\/\/pagead2.googlesyndication.com\/pagead\/js\/adsbygoogle.js?client=ca-pub-8864793242727901\"\r\n     crossorigin=\"anonymous\"><\/script><br \/>\n<\/p>\n<div id=\"taboola-read-more\" style=\"display:block; width:100%\">\n<p>A Segunda Turma do Supremo Tribunal Federal (STF) reduziu pela metade a pena de pris\u00e3o do ex-deputado cearense An\u00edbal Gomes (foto) na Lava Jato nesta ter\u00e7a-feira, 17 de agosto.<\/p>\n<p>Gomes foi condenado em 2020 a 13 anos de pris\u00e3o em regime fechado pelos crimes de corrup\u00e7\u00e3o passiva e lavagem de dinheiro.<\/p>\n<p>A pena agora \u00e9 de cinco anos e dez meses em regime semiaberto.<\/p>\n<p>Na decis\u00e3o desta ter\u00e7a, a Segunda Turma tamb\u00e9m mudou a condena\u00e7\u00e3o por corrup\u00e7\u00e3o passiva.<\/p>\n<p>Gomes agora foi condenado por tr\u00e1fico de influ\u00eancia, crime que prescreve em dois anos. Portanto, como j\u00e1 passou o prazo de prescri\u00e7\u00e3o, Gomes n\u00e3o pode ser punido pelo tr\u00e1fico de influ\u00eancia.<\/p>\n<h2 id=\"h-condenacao\" class=\"wp-block-heading\">Condena\u00e7\u00e3o<\/h2>\n<p>A Segunda Turma do Supremo condenou o deputado licenciado An\u00edbal Gomes\u00a0(DEM-CE) por corrup\u00e7\u00e3o passiva e lavagem de dinheiro. Os ministros ainda v\u00e3o definir a pena na volta do intervalo.<\/p>\n<p>Ele foi acusado de\u00a0receber propina de R$ 3 milh\u00f5es de Paulo Roberto Costa ao negociar acordo de profissionais de praticagem (que conduzem navios em portos) que receberam R$ 69 milh\u00f5es da Petrobras.<\/p>\n<p>Votaram pela condena\u00e7\u00e3o todos os cinco ministros da turma. Mas Gilmar Mendes e Ricardo Lewandowski entenderam que o pol\u00edtico deveria ter sido condenado por tr\u00e1fico de influ\u00eancia (com pena de 2 a 5 anos de pris\u00e3o), em vez de corrup\u00e7\u00e3o (pena de 2 a 12\u00a0 anos).<\/p>\n<p>Venceu o voto de Edson Fachin, que prop\u00f4s condena\u00e7\u00e3o mais pesada e foi acompanhado de Celso de Mello e C\u00e1rmen L\u00facia.<\/p>\n<p><strong>O Antagonista\u00a0<\/strong><\/p>\n<\/p><\/div>\n<p><br \/>\n<br \/><a href=\"https:\/\/diariodobrasilnoticias.com.br\/noticia\/-stf-reduziu-pela-metade-a-pena-de-um-ex-deputado-condenado-na-lava-jato-66ea03c930b9b\">Source link <\/a><\/p>","protected":false},"excerpt":{"rendered":"<p>A Segunda Turma do Supremo Tribunal Federal (STF) reduziu pela metade a pena de pris\u00e3o do ex-deputado cearense An\u00edbal Gomes (foto) na Lava Jato nesta ter\u00e7a-feira, 17 de agosto. Gomes&hellip;<\/p>","protected":false},"author":1,"featured_media":38587,"comment_status":"closed","ping_status":"open","sticky":false,"template":"","format":"standard","meta":{"content-type":"","footnotes":""},"categories":[16],"tags":[123,2448,5313,1267],"class_list":["post-38586","post","type-post","status-publish","format-standard","has-post-thumbnail","hentry","category-noticias","tag-brasil","tag-diario","tag-noticia","tag-noticias"],"_links":{"self":[{"href":"https:\/\/tvbrazilusa.com\/pt\/wp-json\/wp\/v2\/posts\/38586","targetHints":{"allow":["GET"]}}],"collection":[{"href":"https:\/\/tvbrazilusa.com\/pt\/wp-json\/wp\/v2\/posts"}],"about":[{"href":"https:\/\/tvbrazilusa.com\/pt\/wp-json\/wp\/v2\/types\/post"}],"author":[{"embeddable":true,"href":"https:\/\/tvbrazilusa.com\/pt\/wp-json\/wp\/v2\/users\/1"}],"replies":[{"embeddable":true,"href":"https:\/\/tvbrazilusa.com\/pt\/wp-json\/wp\/v2\/comments?post=38586"}],"version-history":[{"count":1,"href":"https:\/\/tvbrazilusa.com\/pt\/wp-json\/wp\/v2\/posts\/38586\/revisions"}],"predecessor-version":[{"id":38588,"href":"https:\/\/tvbrazilusa.com\/pt\/wp-json\/wp\/v2\/posts\/38586\/revisions\/38588"}],"wp:featuredmedia":[{"embeddable":true,"href":"https:\/\/tvbrazilusa.com\/pt\/wp-json\/wp\/v2\/media\/38587"}],"wp:attachment":[{"href":"https:\/\/tvbrazilusa.com\/pt\/wp-json\/wp\/v2\/media?parent=38586"}],"wp:term":[{"taxonomy":"category","embeddable":true,"href":"https:\/\/tvbrazilusa.com\/pt\/wp-json\/wp\/v2\/categories?post=38586"},{"taxonomy":"post_tag","embeddable":true,"href":"https:\/\/tvbrazilusa.com\/pt\/wp-json\/wp\/v2\/tags?post=38586"}],"curies":[{"name":"wp","href":"https:\/\/api.w.org\/{rel}","templated":true}]}}