{"id":38595,"date":"2024-09-18T02:08:23","date_gmt":"2024-09-18T02:08:23","guid":{"rendered":"https:\/\/tvbrazilusa.com\/2024\/09\/18\/amor-ou-odio-filho-de-lula-afirma-que-cadeirada-de-datena-em-marcal-foi-pouco\/"},"modified":"2024-09-18T02:08:24","modified_gmt":"2024-09-18T02:08:24","slug":"amor-ou-odio-filho-de-lula-afirma-que-cadeirada-de-datena-em-marcal-foi-pouco","status":"publish","type":"post","link":"https:\/\/tvbrazilusa.com\/pt\/2024\/09\/18\/amor-ou-odio-filho-de-lula-afirma-que-cadeirada-de-datena-em-marcal-foi-pouco\/","title":{"rendered":"Amor ou \u00f3dio?: filho de Lula afirma que cadeirada de Datena em Mar\u00e7al \u2018foi pouco\u2019"},"content":{"rendered":"<p> <script async src=\"https:\/\/pagead2.googlesyndication.com\/pagead\/js\/adsbygoogle.js?client=ca-pub-8864793242727901\"\r\n     crossorigin=\"anonymous\"><\/script><br \/>\n<\/p>\n<div id=\"taboola-read-more\" style=\"display:block; width:100%\">\n<p>O empres\u00e1rio Luis Claudio Lula da Silva, filho mais novo do presidente Luiz In\u00e1cio Lula da Silva (PT), causou pol\u00eamica nesta ter\u00e7a-feira (17) ao afirmar nas redes sociais que a \u201ccadeirada foi pouco\u201d em refer\u00eancia ao epis\u00f3dio violento envolvendo os candidatos \u00e0 Prefeitura de S\u00e3o Paulo, Jos\u00e9 Luiz Datena (PSDB) e Pablo Mar\u00e7al (PRTB). A declara\u00e7\u00e3o foi publicada em seu Instagram, junto com um meme sobre o ataque ocorrido durante o debate promovido pela TV Cultura no \u00faltimo domingo (15).<\/p>\n<p>Na publica\u00e7\u00e3o compartilhada por Luis Claudio, o meme dizia: \u201cDatena jogou uma cadeira porque se fosse um banco o Mar\u00e7al roubava!\u201d, acompanhado da m\u00fasica \u201cPorrada\u201d do grupo Tit\u00e3s, como trilha sonora da postagem.<\/p>\n<p>O caso ocorreu durante o debate, quando Datena golpeou Mar\u00e7al com uma cadeira ap\u00f3s uma troca de provoca\u00e7\u00f5es. A agress\u00e3o resultou na expuls\u00e3o de Datena do evento, enquanto Mar\u00e7al foi encaminhado ao Hospital S\u00edrio-Liban\u00eas com suspeita de fraturas nas costelas. A transmiss\u00e3o do debate foi interrompida por cerca de nove minutos, retornando \u00e0 normalidade com os demais candidatos.<\/p>\n<p>Antes da agress\u00e3o, Mar\u00e7al havia questionado Datena sobre quando ele iria desistir da disputa, al\u00e9m de acus\u00e1-lo de ass\u00e9dio sexual, em refer\u00eancia a um caso j\u00e1 arquivado por falta de provas. A tens\u00e3o aumentou e culminou no ataque de Datena com a cadeira. O apresentador da TV Cultura, na ocasi\u00e3o, classificou o epis\u00f3dio como \u201cum dos mais absurdos da televis\u00e3o brasileira\u201d.<\/p>\n<p><strong>Conex\u00e3o Pol\u00edtica\u00a0<\/strong><\/p>\n<\/p><\/div>\n<p><br \/>\n<br \/><a href=\"https:\/\/diariodobrasilnoticias.com.br\/noticia\/filho-de-lula-afirma-que-cadeirada-de-datena-em-marcal-foi-pouco-66ea08479e0d7\">Source link <\/a><\/p>","protected":false},"excerpt":{"rendered":"<p>O empres\u00e1rio Luis Claudio Lula da Silva, filho mais novo do presidente Luiz In\u00e1cio Lula da Silva (PT), causou pol\u00eamica nesta ter\u00e7a-feira (17) ao afirmar nas redes sociais que a&hellip;<\/p>","protected":false},"author":1,"featured_media":38596,"comment_status":"closed","ping_status":"open","sticky":false,"template":"","format":"standard","meta":{"content-type":"","footnotes":""},"categories":[16],"tags":[123,2448,5313,1267],"class_list":["post-38595","post","type-post","status-publish","format-standard","has-post-thumbnail","hentry","category-noticias","tag-brasil","tag-diario","tag-noticia","tag-noticias"],"_links":{"self":[{"href":"https:\/\/tvbrazilusa.com\/pt\/wp-json\/wp\/v2\/posts\/38595","targetHints":{"allow":["GET"]}}],"collection":[{"href":"https:\/\/tvbrazilusa.com\/pt\/wp-json\/wp\/v2\/posts"}],"about":[{"href":"https:\/\/tvbrazilusa.com\/pt\/wp-json\/wp\/v2\/types\/post"}],"author":[{"embeddable":true,"href":"https:\/\/tvbrazilusa.com\/pt\/wp-json\/wp\/v2\/users\/1"}],"replies":[{"embeddable":true,"href":"https:\/\/tvbrazilusa.com\/pt\/wp-json\/wp\/v2\/comments?post=38595"}],"version-history":[{"count":1,"href":"https:\/\/tvbrazilusa.com\/pt\/wp-json\/wp\/v2\/posts\/38595\/revisions"}],"predecessor-version":[{"id":38597,"href":"https:\/\/tvbrazilusa.com\/pt\/wp-json\/wp\/v2\/posts\/38595\/revisions\/38597"}],"wp:featuredmedia":[{"embeddable":true,"href":"https:\/\/tvbrazilusa.com\/pt\/wp-json\/wp\/v2\/media\/38596"}],"wp:attachment":[{"href":"https:\/\/tvbrazilusa.com\/pt\/wp-json\/wp\/v2\/media?parent=38595"}],"wp:term":[{"taxonomy":"category","embeddable":true,"href":"https:\/\/tvbrazilusa.com\/pt\/wp-json\/wp\/v2\/categories?post=38595"},{"taxonomy":"post_tag","embeddable":true,"href":"https:\/\/tvbrazilusa.com\/pt\/wp-json\/wp\/v2\/tags?post=38595"}],"curies":[{"name":"wp","href":"https:\/\/api.w.org\/{rel}","templated":true}]}}