{"id":38613,"date":"2024-09-18T03:00:36","date_gmt":"2024-09-18T03:00:36","guid":{"rendered":"https:\/\/tvbrazilusa.com\/2024\/09\/18\/lula-afirma-que-o-brasil-nao-estava-100-preparado-para-enfrentar-incendios-e-sugere-que-ha-motivacoes-politicas-por-tras-da-situacao\/"},"modified":"2024-09-18T03:00:37","modified_gmt":"2024-09-18T03:00:37","slug":"lula-afirma-que-o-brasil-nao-estava-100-preparado-para-enfrentar-incendios-e-sugere-que-ha-motivacoes-politicas-por-tras-da-situacao","status":"publish","type":"post","link":"https:\/\/tvbrazilusa.com\/pt\/2024\/09\/18\/lula-afirma-que-o-brasil-nao-estava-100-preparado-para-enfrentar-incendios-e-sugere-que-ha-motivacoes-politicas-por-tras-da-situacao\/","title":{"rendered":"Lula afirma que o Brasil n\u00e3o estava \u201c100% preparado\u201d para enfrentar inc\u00eandios e sugere que h\u00e1 motiva\u00e7\u00f5es pol\u00edticas por tr\u00e1s da situa\u00e7\u00e3o"},"content":{"rendered":"<p> <script async src=\"https:\/\/pagead2.googlesyndication.com\/pagead\/js\/adsbygoogle.js?client=ca-pub-8864793242727901\"\r\n     crossorigin=\"anonymous\"><\/script><br \/>\n<\/p>\n<div id=\"taboola-read-more\" style=\"display:block; width:100%\">\n<p>O presidente Luiz In\u00e1cio Lula da Silva admitiu que o Brasil n\u00e3o estava completamente preparado para enfrentar as recentes queimadas que atingem o pa\u00eds. A declara\u00e7\u00e3o foi feita durante uma reuni\u00e3o no Pal\u00e1cio do Planalto, nesta ter\u00e7a-feira (17), com a presen\u00e7a dos presidentes do Senado, Rodrigo Pacheco (PSD-MG), e do Supremo Tribunal Federal (STF), Lu\u00eds Roberto Barroso.<\/p>\n<p>Lula afirmou que \u201co dado concreto \u00e9 que a gente n\u00e3o estava 100% preparado para cuidar desse tipo de coisa\u201d e destacou a falta de infraestrutura adequada em muitos estados. \u201cOs Estados s\u00e3o poucos que t\u00eam prepara\u00e7\u00e3o, que t\u00eam Defesa Civil, que t\u00eam bombeiros. Brigadistas, quase ningu\u00e9m tem,\u201d acrescentou.<\/p>\n<p>O presidente tamb\u00e9m comentou sobre a situa\u00e7\u00e3o cr\u00edtica e a resposta da natureza \u00e0s a\u00e7\u00f5es humanas: \u201cEla (a natureza) resolveu nos dar uma li\u00e7\u00e3o de dizer o seguinte: \u2018olha, ou voc\u00eas cuidam corretamente de mim, ou eu n\u00e3o sou obrigada a suportar tanta irresponsabilidade, tanta coisa errada, equivocada, que os humanos est\u00e3o fazendo\u2019.\u201d<\/p>\n<p>Al\u00e9m disso, Lula levantou suspeitas de que alguns dos inc\u00eandios possam ter origens criminosas. No \u00faltimo domingo (15), a Pol\u00edcia Federal (PF) iniciou uma investiga\u00e7\u00e3o sobre o inc\u00eandio no Parque Nacional de Bras\u00edlia.<\/p>\n<p>Sem apontar respons\u00e1veis, o presidente sugeriu que os inc\u00eandios poderiam ter motiva\u00e7\u00f5es pol\u00edticas. \u201cFomos fazer uma visita em tr\u00eas cidades na Amaz\u00f4nia e, na volta, no que parece uma provoca\u00e7\u00e3o, encontramos v\u00e1rios focos de fogo. Talvez isso seja por causa da COP-30 no Brasil, pela performance do Brasil na discuss\u00e3o ambiental ou por motivos pol\u00edticos. A gente n\u00e3o sabe, n\u00e3o pode acusar, mas h\u00e1 suspeita,\u201d afirmou Lula.<\/p>\n<p>Para enfrentar a situa\u00e7\u00e3o, o governo federal est\u00e1 preparando uma Medida Provis\u00f3ria (MP) que prev\u00ea a libera\u00e7\u00e3o de cerca de R$ 500 milh\u00f5es em cr\u00e9dito extraordin\u00e1rio. Esses recursos ser\u00e3o destinados ao combate emergencial dos inc\u00eandios na Amaz\u00f4nia, Cerrado e Pantanal. A MP est\u00e1 em an\u00e1lise pela Casa Civil e deve ser publicada entre ter\u00e7a-feira (17) e quarta-feira (18) no Di\u00e1rio Oficial da Uni\u00e3o.<\/p>\n<p><strong>Gazeta Brasil\u00a0<\/strong><\/p>\n<\/p><\/div>\n<p><br \/>\n<br \/><a href=\"https:\/\/diariodobrasilnoticias.com.br\/noticia\/lula-afirma-que-o-brasil-nao-estava-100-preparado-para-enfrentar-incendios-e-sugere-que-ha-motivacoes-politicas-por-tras-da-situacao-66ea0d6e681e3\">Source link <\/a><\/p>","protected":false},"excerpt":{"rendered":"<p>O presidente Luiz In\u00e1cio Lula da Silva admitiu que o Brasil n\u00e3o estava completamente preparado para enfrentar as recentes queimadas que atingem o pa\u00eds. A declara\u00e7\u00e3o foi feita durante uma&hellip;<\/p>","protected":false},"author":1,"featured_media":38614,"comment_status":"closed","ping_status":"open","sticky":false,"template":"","format":"standard","meta":{"content-type":"","footnotes":""},"categories":[16],"tags":[123,2448,5313,1267],"class_list":["post-38613","post","type-post","status-publish","format-standard","has-post-thumbnail","hentry","category-noticias","tag-brasil","tag-diario","tag-noticia","tag-noticias"],"_links":{"self":[{"href":"https:\/\/tvbrazilusa.com\/pt\/wp-json\/wp\/v2\/posts\/38613","targetHints":{"allow":["GET"]}}],"collection":[{"href":"https:\/\/tvbrazilusa.com\/pt\/wp-json\/wp\/v2\/posts"}],"about":[{"href":"https:\/\/tvbrazilusa.com\/pt\/wp-json\/wp\/v2\/types\/post"}],"author":[{"embeddable":true,"href":"https:\/\/tvbrazilusa.com\/pt\/wp-json\/wp\/v2\/users\/1"}],"replies":[{"embeddable":true,"href":"https:\/\/tvbrazilusa.com\/pt\/wp-json\/wp\/v2\/comments?post=38613"}],"version-history":[{"count":1,"href":"https:\/\/tvbrazilusa.com\/pt\/wp-json\/wp\/v2\/posts\/38613\/revisions"}],"predecessor-version":[{"id":38615,"href":"https:\/\/tvbrazilusa.com\/pt\/wp-json\/wp\/v2\/posts\/38613\/revisions\/38615"}],"wp:featuredmedia":[{"embeddable":true,"href":"https:\/\/tvbrazilusa.com\/pt\/wp-json\/wp\/v2\/media\/38614"}],"wp:attachment":[{"href":"https:\/\/tvbrazilusa.com\/pt\/wp-json\/wp\/v2\/media?parent=38613"}],"wp:term":[{"taxonomy":"category","embeddable":true,"href":"https:\/\/tvbrazilusa.com\/pt\/wp-json\/wp\/v2\/categories?post=38613"},{"taxonomy":"post_tag","embeddable":true,"href":"https:\/\/tvbrazilusa.com\/pt\/wp-json\/wp\/v2\/tags?post=38613"}],"curies":[{"name":"wp","href":"https:\/\/api.w.org\/{rel}","templated":true}]}}