{"id":38637,"date":"2024-09-18T04:00:53","date_gmt":"2024-09-18T04:00:53","guid":{"rendered":"https:\/\/tvbrazilusa.com\/2024\/09\/18\/lula-afirma-que-brasil-esta-mudando-para-melhor-nas-areas-economica-e-social\/"},"modified":"2024-09-18T04:00:54","modified_gmt":"2024-09-18T04:00:54","slug":"lula-afirma-que-brasil-esta-mudando-para-melhor-nas-areas-economica-e-social","status":"publish","type":"post","link":"https:\/\/tvbrazilusa.com\/pt\/2024\/09\/18\/lula-afirma-que-brasil-esta-mudando-para-melhor-nas-areas-economica-e-social\/","title":{"rendered":"Lula afirma que Brasil est\u00e1 mudando para melhor nas \u00e1reas econ\u00f4mica e social"},"content":{"rendered":"<p> <script async src=\"https:\/\/pagead2.googlesyndication.com\/pagead\/js\/adsbygoogle.js?client=ca-pub-8864793242727901\"\r\n     crossorigin=\"anonymous\"><\/script><br \/>\n<\/p>\n<div id=\"taboola-read-more\" style=\"display:block; width:100%\">\n<p>Em evento nesta ter\u00e7a-feira (17), para assinatura de acordos de incentivo ao pequeno empreendedor que quer exportar, o presidente Luiz In\u00e1cio da Lula (PT) disse que o seu governo decidiu \u201cfazer as coisas acontecerem\u201d e por isso o Brasil passa por mudan\u00e7as positivas em \u00e1reas como a econ\u00f4mica e a social.<\/p>\n<p>\u201cO que decidimos \u00e9 fazer as coisas acontecerem. Nenhum de voc\u00eas imaginava e muito menos o chamado mercado financeiro imaginava que estiv\u00e9ssemos na situa\u00e7\u00e3o que estamos hoje. Voc\u00eas percebem que as coisas est\u00e3o mudando\u201d, afirmou o petista no evento.<\/p>\n<p>\u201cPodem ficar certos, quando terminar o nosso mandato esse Pa\u00eds vai estar melhor do ponto de vista empresarial e econ\u00f4mico. E muito melhor do ponto de vista educacional, social. \u00c9 esse Pa\u00eds que n\u00f3s queremos que voc\u00eas nos ajudem a construir porque o governo sozinho n\u00e3o d\u00e1 conta\u201d, disse Lula aos representantes de setores como o de m\u00f3veis, arroz beneficiado, chocolate, carne bovina, frutas e polpas congeladas e da ind\u00fastria e servi\u00e7os.<\/p>\n<p>De acordo com Lula, \u00e9 preciso fazer o dinheiro circular para aquecer a economia do Brasil e transformar os \u201cinvis\u00edveis\u201d em \u201cvis\u00edveis\u201d.<\/p>\n<p>O petista afirmou que n\u00e3o existe ind\u00fastria se n\u00e3o houver consumo e o milagre \u00e9 criar condi\u00e7\u00f5es para que todas as pessoas tenham um pouco.<\/p>\n<p>\u201cSe levou tanto tempo nesse Pa\u00eds se falando de pequena e m\u00e9dia empresa, se n\u00e3o f\u00f4ssemos n\u00f3s n\u00e3o tinha a Lei Geral da Micro e Pequena Empresa, n\u00e3o tinha o minist\u00e9rio da pequena e m\u00e9dia empresa que criamos. A Apex n\u00e3o existiria. Porque tudo isso tudo foi feito para criar condi\u00e7\u00f5es de tornar os invis\u00edveis vis\u00edveis. Quando conseguirmos fazer com que os invis\u00edveis sejam enxergados, as coisas melhoram\u201d, afirmou Lula.<\/p>\n<p><strong>Gazeta Brasil\u00a0<\/strong><\/p>\n<\/p><\/div>\n<p><br \/>\n<br \/><a href=\"https:\/\/diariodobrasilnoticias.com.br\/noticia\/lula-afirma-que-brasil-esta-mudando-para-melhor-nas-areas-economica-e-social-66e9ef60e7e05\">Source link <\/a><\/p>","protected":false},"excerpt":{"rendered":"<p>Em evento nesta ter\u00e7a-feira (17), para assinatura de acordos de incentivo ao pequeno empreendedor que quer exportar, o presidente Luiz In\u00e1cio da Lula (PT) disse que o seu governo decidiu&hellip;<\/p>","protected":false},"author":1,"featured_media":38638,"comment_status":"closed","ping_status":"open","sticky":false,"template":"","format":"standard","meta":{"content-type":"","footnotes":""},"categories":[16],"tags":[123,2448,5313,1267],"class_list":["post-38637","post","type-post","status-publish","format-standard","has-post-thumbnail","hentry","category-noticias","tag-brasil","tag-diario","tag-noticia","tag-noticias"],"_links":{"self":[{"href":"https:\/\/tvbrazilusa.com\/pt\/wp-json\/wp\/v2\/posts\/38637","targetHints":{"allow":["GET"]}}],"collection":[{"href":"https:\/\/tvbrazilusa.com\/pt\/wp-json\/wp\/v2\/posts"}],"about":[{"href":"https:\/\/tvbrazilusa.com\/pt\/wp-json\/wp\/v2\/types\/post"}],"author":[{"embeddable":true,"href":"https:\/\/tvbrazilusa.com\/pt\/wp-json\/wp\/v2\/users\/1"}],"replies":[{"embeddable":true,"href":"https:\/\/tvbrazilusa.com\/pt\/wp-json\/wp\/v2\/comments?post=38637"}],"version-history":[{"count":1,"href":"https:\/\/tvbrazilusa.com\/pt\/wp-json\/wp\/v2\/posts\/38637\/revisions"}],"predecessor-version":[{"id":38639,"href":"https:\/\/tvbrazilusa.com\/pt\/wp-json\/wp\/v2\/posts\/38637\/revisions\/38639"}],"wp:featuredmedia":[{"embeddable":true,"href":"https:\/\/tvbrazilusa.com\/pt\/wp-json\/wp\/v2\/media\/38638"}],"wp:attachment":[{"href":"https:\/\/tvbrazilusa.com\/pt\/wp-json\/wp\/v2\/media?parent=38637"}],"wp:term":[{"taxonomy":"category","embeddable":true,"href":"https:\/\/tvbrazilusa.com\/pt\/wp-json\/wp\/v2\/categories?post=38637"},{"taxonomy":"post_tag","embeddable":true,"href":"https:\/\/tvbrazilusa.com\/pt\/wp-json\/wp\/v2\/tags?post=38637"}],"curies":[{"name":"wp","href":"https:\/\/api.w.org\/{rel}","templated":true}]}}