{"id":38643,"date":"2024-09-18T04:14:19","date_gmt":"2024-09-18T04:14:19","guid":{"rendered":"https:\/\/tvbrazilusa.com\/2024\/09\/18\/stf-iniciou-um-inquerito-relacionado-a-silvio-almeida\/"},"modified":"2024-09-18T04:14:20","modified_gmt":"2024-09-18T04:14:20","slug":"stf-iniciou-um-inquerito-relacionado-a-silvio-almeida","status":"publish","type":"post","link":"https:\/\/tvbrazilusa.com\/pt\/2024\/09\/18\/stf-iniciou-um-inquerito-relacionado-a-silvio-almeida\/","title":{"rendered":"STF iniciou um inqu\u00e9rito relacionado a Silvio Almeida."},"content":{"rendered":"<p> <script async src=\"https:\/\/pagead2.googlesyndication.com\/pagead\/js\/adsbygoogle.js?client=ca-pub-8864793242727901\"\r\n     crossorigin=\"anonymous\"><\/script><br \/>\n<\/p>\n<div id=\"content_post\">\n<p>O ministro Andr\u00e9 Mendon\u00e7a, do Supremo Tribunal Federal (STF), abriu, nesta ter\u00e7a-feira, 17 de setembro, um inqu\u00e9rito na Pol\u00edcia Federal (PF) sobre as den\u00fancias de ass\u00e9dio contra o ex-ministro dos Direitos Humanos Silvio Almeida (foto).<\/p>\n<p>A decis\u00e3o atende a pedido da pr\u00f3pria PF endossado pela Procuradoria-Geral da Rep\u00fablica.<\/p>\n<h2 id=\"h-mp-abre-inquerito\" class=\"wp-block-heading\">MP abre inqu\u00e9rito<\/h2>\n<p>Al\u00e9m da PF, o Minist\u00e9rio P\u00fablico do Trabalho no Distrito Federal abriu um inqu\u00e9rito civil sobre as den\u00fancias de ass\u00e9dio sexual ainda nesta segunda-feira, 9 de setembro.<\/p>\n<p>Sob dire\u00e7\u00e3o da rec\u00e9m-nomeada ministra Maca\u00e9 Evaristo (PT), o Minist\u00e9rio dos Direitos Humanos e Cidadania apagou as publica\u00e7\u00f5es que havia feito em defesa do ex-ministro Silvio Almeida, demitido em meio a acusa\u00e7\u00f5es de ass\u00e9dio sexual.<\/p>\n<p>Entre quinta-feira, 5, e sexta, 6, a p\u00e1gina oficial da pasta publicou duas notas sobre as acusa\u00e7\u00f5es contra Almeida. Na primeira, o ex-ministro repudiou\u00a0<em><a href=\"https:\/\/oantagonista.com.br\/brasil\/silvio-almeida-repudia-acusacoes-de-assedio-com-a-forca-do-amor\/\">\u201ccom a for\u00e7a do amor\u201d<\/a><\/em>\u00a0as acusa\u00e7\u00f5es feitas contra ele pela ONG Me Too Brasil, especializada em ass\u00e9dio sexual.<\/p>\n<p>Na segunda, o Minist\u00e9rio colocou em d\u00favida as inten\u00e7\u00f5es da organiza\u00e7\u00e3o n\u00e3o-governamental, alegando que ela tentou interferir na nova licita\u00e7\u00e3o do Disque 100.<\/p>\n<p>Ambos os textos tinham sido publicados no site do Minist\u00e9rio e nas redes sociais.<\/p>\n<p><strong>Como caiu Silvio Almeida no Minist\u00e9rio dos Direitos Humanos?<\/strong><\/p>\n<p>Ap\u00f3s den\u00fancias sobre supostos casos de ass\u00e9dio sexual e moral, Silvio Almeida foi exonerado no in\u00edcio da noite da sexta-feira, 6, do Minist\u00e9rio dos Direitos Humanos. A decis\u00e3o ocorreu ap\u00f3s reuni\u00e3o ocorrida no Pal\u00e1cio do Planalto com o presidente Lula.<\/p>\n<p>Antes de tomar uma decis\u00e3o, o presidente tamb\u00e9m conversou com os ministros da Justi\u00e7a, Ricardo Lewandowski, com o Advogado-Geral da Uni\u00e3o, Jorge Messias, e com o ministro da Controladoria-Geral da Uni\u00e3o, Vin\u00edcius Carvalho. A ministra Anielle Franco \u2013 Igualdade Racial \u2013 e piv\u00f4 da crise tamb\u00e9m foi ouvida.<\/p>\n<p>Como mostramos, a ONG Me Too Brasil informou ter recebido den\u00fancias contra Almeida sobre casos de ass\u00e9dio sexual. Uma das v\u00edtimas, segundo o Metr\u00f3poles, seria a ministra de Igualdade Racial. Nesta sexta-feira, O Antagonista revelou com exclusividade que servidores foram coagidos a assinar um manifesto em defesa do ministro, o que se configuraria ass\u00e9dio moral.<\/p>\n<p>Em resposta, o ministro negou as acusa\u00e7\u00f5es. Em um primeiro momento, disse que as den\u00fancias n\u00e3o passavam de uma \u201ccampanha\u201d para afetar a sua imagem \u201cenquanto homem negro em posi\u00e7\u00e3o de destaque no Poder P\u00fablico\u201d. \u201cAs falsas acusa\u00e7\u00f5es, conforme definido no artigo 339 do C\u00f3digo Penal, configuram \u2018denuncia\u00e7\u00e3o caluniosa\u2019. Tais difama\u00e7\u00f5es n\u00e3o encontrar\u00e3o par com a realidade\u201d, declarou Almeida.<\/p>\n<p><strong>O Antagonista\u00a0<\/strong><\/p>\n<\/div>\n<p><br \/>\n<br \/><a href=\"https:\/\/diariodobrasilnoticias.com.br\/noticia\/stf-iniciou-um-inquerito-relacionado-a-silvio-almeida-66ea033546ced\">Source link <\/a><\/p>","protected":false},"excerpt":{"rendered":"<p>O ministro Andr\u00e9 Mendon\u00e7a, do Supremo Tribunal Federal (STF), abriu, nesta ter\u00e7a-feira, 17 de setembro, um inqu\u00e9rito na Pol\u00edcia Federal (PF) sobre as den\u00fancias de ass\u00e9dio contra o ex-ministro dos&hellip;<\/p>","protected":false},"author":1,"featured_media":38644,"comment_status":"closed","ping_status":"open","sticky":false,"template":"","format":"standard","meta":{"content-type":"","footnotes":""},"categories":[16],"tags":[123,2448,5313,1267],"class_list":["post-38643","post","type-post","status-publish","format-standard","has-post-thumbnail","hentry","category-noticias","tag-brasil","tag-diario","tag-noticia","tag-noticias"],"_links":{"self":[{"href":"https:\/\/tvbrazilusa.com\/pt\/wp-json\/wp\/v2\/posts\/38643","targetHints":{"allow":["GET"]}}],"collection":[{"href":"https:\/\/tvbrazilusa.com\/pt\/wp-json\/wp\/v2\/posts"}],"about":[{"href":"https:\/\/tvbrazilusa.com\/pt\/wp-json\/wp\/v2\/types\/post"}],"author":[{"embeddable":true,"href":"https:\/\/tvbrazilusa.com\/pt\/wp-json\/wp\/v2\/users\/1"}],"replies":[{"embeddable":true,"href":"https:\/\/tvbrazilusa.com\/pt\/wp-json\/wp\/v2\/comments?post=38643"}],"version-history":[{"count":1,"href":"https:\/\/tvbrazilusa.com\/pt\/wp-json\/wp\/v2\/posts\/38643\/revisions"}],"predecessor-version":[{"id":38645,"href":"https:\/\/tvbrazilusa.com\/pt\/wp-json\/wp\/v2\/posts\/38643\/revisions\/38645"}],"wp:featuredmedia":[{"embeddable":true,"href":"https:\/\/tvbrazilusa.com\/pt\/wp-json\/wp\/v2\/media\/38644"}],"wp:attachment":[{"href":"https:\/\/tvbrazilusa.com\/pt\/wp-json\/wp\/v2\/media?parent=38643"}],"wp:term":[{"taxonomy":"category","embeddable":true,"href":"https:\/\/tvbrazilusa.com\/pt\/wp-json\/wp\/v2\/categories?post=38643"},{"taxonomy":"post_tag","embeddable":true,"href":"https:\/\/tvbrazilusa.com\/pt\/wp-json\/wp\/v2\/tags?post=38643"}],"curies":[{"name":"wp","href":"https:\/\/api.w.org\/{rel}","templated":true}]}}